{"id":57946,"date":"2025-07-13T10:37:39","date_gmt":"2025-07-13T13:37:39","guid":{"rendered":"https:\/\/elurbanoweb.com.ar\/diario\/?p=57946"},"modified":"2025-07-13T10:37:39","modified_gmt":"2025-07-13T13:37:39","slug":"el-mercado-union-celebro-114-anos-de-historia-cultura-y-encuentro","status":"publish","type":"post","link":"http:\/\/elurbanoweb.com.ar\/diario\/el-mercado-union-celebro-114-anos-de-historia-cultura-y-encuentro\/","title":{"rendered":"El Mercado Uni\u00f3n celebr\u00f3 114 a\u00f1os de historia, cultura y encuentro"},"content":{"rendered":"<p>Con m\u00fasica, danzas, sorteos y mucha emoci\u00f3n, se vivi\u00f3 una gran jornada en el coraz\u00f3n del microcentro bande\u00f1o. Autoridades, puesteros y vecinos compartieron esta fiesta que rindi\u00f3 homenaje a una instituci\u00f3n clave para la identidad y la econom\u00eda local.<\/p>\n<p><img loading=\"lazy\" decoding=\"async\" class=\"alignnone wp-image-57947 size-large\" src=\"http:\/\/elurbanoweb.com.ar\/diario\/wp-content\/uploads\/2025\/07\/festejo1-1024x676.jpg\" alt=\"\" width=\"1024\" height=\"676\" srcset=\"http:\/\/elurbanoweb.com.ar\/diario\/wp-content\/uploads\/2025\/07\/festejo1-1024x676.jpg 1024w, http:\/\/elurbanoweb.com.ar\/diario\/wp-content\/uploads\/2025\/07\/festejo1-300x198.jpg 300w, http:\/\/elurbanoweb.com.ar\/diario\/wp-content\/uploads\/2025\/07\/festejo1-150x99.jpg 150w, http:\/\/elurbanoweb.com.ar\/diario\/wp-content\/uploads\/2025\/07\/festejo1.jpg 1056w\" sizes=\"auto, (max-width: 1024px) 100vw, 1024px\" \/><\/p>\n<p><!--more-->Fundado oficialmente en 1911, el Mercado Uni\u00f3n contin\u00faa siendo un s\u00edmbolo del esfuerzo de generaciones de trabajadores y un punto de encuentro para toda la comunidad.<\/p>\n","protected":false},"excerpt":{"rendered":"<p>Con m\u00fasica, danzas, sorteos y mucha emoci\u00f3n, se vivi\u00f3 una gran jornada en el coraz\u00f3n del microcentro bande\u00f1o. Autoridades, puesteros y vecinos compartieron esta fiesta que rindi\u00f3 homenaje a una&hellip; <\/p>\n","protected":false},"author":1,"featured_media":57947,"comment_status":"closed","ping_status":"closed","sticky":false,"template":"","format":"standard","meta":{"footnotes":""},"categories":[9],"tags":[],"class_list":["post-57946","post","type-post","status-publish","format-standard","has-post-thumbnail","hentry","category-la-banda"],"_links":{"self":[{"href":"http:\/\/elurbanoweb.com.ar\/diario\/wp-json\/wp\/v2\/posts\/57946","targetHints":{"allow":["GET"]}}],"collection":[{"href":"http:\/\/elurbanoweb.com.ar\/diario\/wp-json\/wp\/v2\/posts"}],"about":[{"href":"http:\/\/elurbanoweb.com.ar\/diario\/wp-json\/wp\/v2\/types\/post"}],"author":[{"embeddable":true,"href":"http:\/\/elurbanoweb.com.ar\/diario\/wp-json\/wp\/v2\/users\/1"}],"replies":[{"embeddable":true,"href":"http:\/\/elurbanoweb.com.ar\/diario\/wp-json\/wp\/v2\/comments?post=57946"}],"version-history":[{"count":1,"href":"http:\/\/elurbanoweb.com.ar\/diario\/wp-json\/wp\/v2\/posts\/57946\/revisions"}],"predecessor-version":[{"id":57948,"href":"http:\/\/elurbanoweb.com.ar\/diario\/wp-json\/wp\/v2\/posts\/57946\/revisions\/57948"}],"wp:featuredmedia":[{"embeddable":true,"href":"http:\/\/elurbanoweb.com.ar\/diario\/wp-json\/wp\/v2\/media\/57947"}],"wp:attachment":[{"href":"http:\/\/elurbanoweb.com.ar\/diario\/wp-json\/wp\/v2\/media?parent=57946"}],"wp:term":[{"taxonomy":"category","embeddable":true,"href":"http:\/\/elurbanoweb.com.ar\/diario\/wp-json\/wp\/v2\/categories?post=57946"},{"taxonomy":"post_tag","embeddable":true,"href":"http:\/\/elurbanoweb.com.ar\/diario\/wp-json\/wp\/v2\/tags?post=57946"}],"curies":[{"name":"wp","href":"https:\/\/api.w.org\/{rel}","templated":true}]}}