{"id":57953,"date":"2025-07-13T10:42:35","date_gmt":"2025-07-13T13:42:35","guid":{"rendered":"https:\/\/elurbanoweb.com.ar\/diario\/?p=57953"},"modified":"2025-07-13T10:42:35","modified_gmt":"2025-07-13T13:42:35","slug":"este-sabado-se-realizo-el-sorteo-de-la-bicicleta-en-el-carrusel-del-parque-de-los-ninos","status":"publish","type":"post","link":"http:\/\/elurbanoweb.com.ar\/diario\/este-sabado-se-realizo-el-sorteo-de-la-bicicleta-en-el-carrusel-del-parque-de-los-ninos\/","title":{"rendered":"Este s\u00e1bado se realiz\u00f3 el sorteo de la bicicleta en el Carrusel del Parque de los Ni\u00f1os"},"content":{"rendered":"<p>Ante la presencia de la Escribana municipal, Cindy Bucci, se realiz\u00f3 el sorteo de la bicicleta del Carrusel, ubicado en el Parque de los Ni\u00f1os.<\/p>\n<p><img loading=\"lazy\" decoding=\"async\" class=\"alignnone wp-image-57954 size-large\" src=\"http:\/\/elurbanoweb.com.ar\/diario\/wp-content\/uploads\/2025\/07\/bici-1024x683.jpg\" alt=\"\" width=\"1024\" height=\"683\" srcset=\"http:\/\/elurbanoweb.com.ar\/diario\/wp-content\/uploads\/2025\/07\/bici-1024x683.jpg 1024w, http:\/\/elurbanoweb.com.ar\/diario\/wp-content\/uploads\/2025\/07\/bici-300x200.jpg 300w, http:\/\/elurbanoweb.com.ar\/diario\/wp-content\/uploads\/2025\/07\/bici-150x100.jpg 150w, http:\/\/elurbanoweb.com.ar\/diario\/wp-content\/uploads\/2025\/07\/bici-1536x1025.jpg 1536w, http:\/\/elurbanoweb.com.ar\/diario\/wp-content\/uploads\/2025\/07\/bici.jpg 2048w\" sizes=\"auto, (max-width: 1024px) 100vw, 1024px\" \/><\/p>\n<p><!--more--> Cabe recordar que, a cada ni\u00f1o antes de subir al carrusel se le hace entrega de un n\u00famero con el que luego participar\u00e1 del sorteo, por lo que se le pide conservar el cup\u00f3n hasta llegado el momento.<\/p>\n<p>Este s\u00e1bado, se llev\u00f3 a cabo el correspondiente a este mes, en el que result\u00f3 ganador el n\u00famero 5.035, el cual deber\u00e1 presentarse en la Oficina de la Escriban\u00eda, en la sede de la Municipalidad de la Capital, portando el cup\u00f3n, en el horario de 7.30 a 13.<\/p>\n","protected":false},"excerpt":{"rendered":"<p>Ante la presencia de la Escribana municipal, Cindy Bucci, se realiz\u00f3 el sorteo de la bicicleta del Carrusel, ubicado en el Parque de los Ni\u00f1os.<\/p>\n","protected":false},"author":1,"featured_media":57954,"comment_status":"closed","ping_status":"closed","sticky":false,"template":"","format":"standard","meta":{"footnotes":""},"categories":[3],"tags":[],"class_list":["post-57953","post","type-post","status-publish","format-standard","has-post-thumbnail","hentry","category-municipio"],"_links":{"self":[{"href":"http:\/\/elurbanoweb.com.ar\/diario\/wp-json\/wp\/v2\/posts\/57953","targetHints":{"allow":["GET"]}}],"collection":[{"href":"http:\/\/elurbanoweb.com.ar\/diario\/wp-json\/wp\/v2\/posts"}],"about":[{"href":"http:\/\/elurbanoweb.com.ar\/diario\/wp-json\/wp\/v2\/types\/post"}],"author":[{"embeddable":true,"href":"http:\/\/elurbanoweb.com.ar\/diario\/wp-json\/wp\/v2\/users\/1"}],"replies":[{"embeddable":true,"href":"http:\/\/elurbanoweb.com.ar\/diario\/wp-json\/wp\/v2\/comments?post=57953"}],"version-history":[{"count":1,"href":"http:\/\/elurbanoweb.com.ar\/diario\/wp-json\/wp\/v2\/posts\/57953\/revisions"}],"predecessor-version":[{"id":57955,"href":"http:\/\/elurbanoweb.com.ar\/diario\/wp-json\/wp\/v2\/posts\/57953\/revisions\/57955"}],"wp:featuredmedia":[{"embeddable":true,"href":"http:\/\/elurbanoweb.com.ar\/diario\/wp-json\/wp\/v2\/media\/57954"}],"wp:attachment":[{"href":"http:\/\/elurbanoweb.com.ar\/diario\/wp-json\/wp\/v2\/media?parent=57953"}],"wp:term":[{"taxonomy":"category","embeddable":true,"href":"http:\/\/elurbanoweb.com.ar\/diario\/wp-json\/wp\/v2\/categories?post=57953"},{"taxonomy":"post_tag","embeddable":true,"href":"http:\/\/elurbanoweb.com.ar\/diario\/wp-json\/wp\/v2\/tags?post=57953"}],"curies":[{"name":"wp","href":"https:\/\/api.w.org\/{rel}","templated":true}]}}