{"id":57956,"date":"2025-07-13T10:43:44","date_gmt":"2025-07-13T13:43:44","guid":{"rendered":"https:\/\/elurbanoweb.com.ar\/diario\/?p=57956"},"modified":"2025-07-13T10:43:44","modified_gmt":"2025-07-13T13:43:44","slug":"profundo-pesar-por-el-fallecimiento-de-la-prof-guillermina-garay","status":"publish","type":"post","link":"http:\/\/elurbanoweb.com.ar\/diario\/profundo-pesar-por-el-fallecimiento-de-la-prof-guillermina-garay\/","title":{"rendered":"Profundo pesar por el fallecimiento de la Prof. Guillermina Garay"},"content":{"rendered":"<p>La comunidad de la Facultad de Humanidades, Ciencias Sociales y de la Salud expresa su pesar por el fallecimiento de la Profesora Guillermina Garay.<\/p>\n<p><img loading=\"lazy\" decoding=\"async\" class=\"alignnone wp-image-57957 size-full\" src=\"http:\/\/elurbanoweb.com.ar\/diario\/wp-content\/uploads\/2025\/07\/pesar0.jpg\" alt=\"\" width=\"1024\" height=\"993\" srcset=\"http:\/\/elurbanoweb.com.ar\/diario\/wp-content\/uploads\/2025\/07\/pesar0.jpg 1024w, http:\/\/elurbanoweb.com.ar\/diario\/wp-content\/uploads\/2025\/07\/pesar0-300x291.jpg 300w, http:\/\/elurbanoweb.com.ar\/diario\/wp-content\/uploads\/2025\/07\/pesar0-150x145.jpg 150w\" sizes=\"auto, (max-width: 1024px) 100vw, 1024px\" \/><\/p>\n<p><!--more--><\/p>\n<p>Guillermina no solo fue una valiosa y dedicada docente de la Licenciatura en Obstetricia, donde dej\u00f3 una huella imborrable en la formaci\u00f3n de incontables profesionales con su conocimiento y calidez humana, sino que tambi\u00e9n era parte activa de nuestra comunidad de posgrado como estudiante de la Maestr\u00eda en Salud Familiar y Comunitaria. Su partida representa una p\u00e9rdida irreparable para nuestra instituci\u00f3n, que la recordar\u00e1 por su compromiso, su vocaci\u00f3n de servicio y su constante b\u00fasqueda del saber.<\/p>\n<p>En este momento de inmensa tristeza, las autoridades, el cuerpo docente, no docente y los estudiantes de esta casa de estudios acompa\u00f1an en el sentimiento a su familia, amigos, colegas y seres queridos.<\/p>\n","protected":false},"excerpt":{"rendered":"<p>La comunidad de la Facultad de Humanidades, Ciencias Sociales y de la Salud expresa su pesar por el fallecimiento de la Profesora Guillermina Garay.<\/p>\n","protected":false},"author":1,"featured_media":57957,"comment_status":"closed","ping_status":"closed","sticky":false,"template":"","format":"standard","meta":{"footnotes":""},"categories":[15],"tags":[],"class_list":["post-57956","post","type-post","status-publish","format-standard","has-post-thumbnail","hentry","category-unse"],"_links":{"self":[{"href":"http:\/\/elurbanoweb.com.ar\/diario\/wp-json\/wp\/v2\/posts\/57956","targetHints":{"allow":["GET"]}}],"collection":[{"href":"http:\/\/elurbanoweb.com.ar\/diario\/wp-json\/wp\/v2\/posts"}],"about":[{"href":"http:\/\/elurbanoweb.com.ar\/diario\/wp-json\/wp\/v2\/types\/post"}],"author":[{"embeddable":true,"href":"http:\/\/elurbanoweb.com.ar\/diario\/wp-json\/wp\/v2\/users\/1"}],"replies":[{"embeddable":true,"href":"http:\/\/elurbanoweb.com.ar\/diario\/wp-json\/wp\/v2\/comments?post=57956"}],"version-history":[{"count":1,"href":"http:\/\/elurbanoweb.com.ar\/diario\/wp-json\/wp\/v2\/posts\/57956\/revisions"}],"predecessor-version":[{"id":57958,"href":"http:\/\/elurbanoweb.com.ar\/diario\/wp-json\/wp\/v2\/posts\/57956\/revisions\/57958"}],"wp:featuredmedia":[{"embeddable":true,"href":"http:\/\/elurbanoweb.com.ar\/diario\/wp-json\/wp\/v2\/media\/57957"}],"wp:attachment":[{"href":"http:\/\/elurbanoweb.com.ar\/diario\/wp-json\/wp\/v2\/media?parent=57956"}],"wp:term":[{"taxonomy":"category","embeddable":true,"href":"http:\/\/elurbanoweb.com.ar\/diario\/wp-json\/wp\/v2\/categories?post=57956"},{"taxonomy":"post_tag","embeddable":true,"href":"http:\/\/elurbanoweb.com.ar\/diario\/wp-json\/wp\/v2\/tags?post=57956"}],"curies":[{"name":"wp","href":"https:\/\/api.w.org\/{rel}","templated":true}]}}