{"id":57959,"date":"2025-07-13T10:46:39","date_gmt":"2025-07-13T13:46:39","guid":{"rendered":"https:\/\/elurbanoweb.com.ar\/diario\/?p=57959"},"modified":"2025-07-13T10:46:39","modified_gmt":"2025-07-13T13:46:39","slug":"felicitaciones-ballet-folklorico-latinoamericano-santiago-del-estero","status":"publish","type":"post","link":"http:\/\/elurbanoweb.com.ar\/diario\/felicitaciones-ballet-folklorico-latinoamericano-santiago-del-estero\/","title":{"rendered":"Felicitaciones Ballet Folkl\u00f3rico Latinoamericano Santiago del Estero"},"content":{"rendered":"<p>Ganadores del NEWBORN Festival 2025 realizado en Kosovo<\/p>\n<p><img loading=\"lazy\" decoding=\"async\" class=\"alignnone wp-image-57960 size-full\" src=\"http:\/\/elurbanoweb.com.ar\/diario\/wp-content\/uploads\/2025\/07\/balet1.jpg\" alt=\"\" width=\"777\" height=\"615\" srcset=\"http:\/\/elurbanoweb.com.ar\/diario\/wp-content\/uploads\/2025\/07\/balet1.jpg 777w, http:\/\/elurbanoweb.com.ar\/diario\/wp-content\/uploads\/2025\/07\/balet1-300x237.jpg 300w, http:\/\/elurbanoweb.com.ar\/diario\/wp-content\/uploads\/2025\/07\/balet1-150x119.jpg 150w\" sizes=\"auto, (max-width: 777px) 100vw, 777px\" \/><\/p>\n<p><!--more-->El Ballet Folcl\u00f3rico Latinoamericano \u201cSantiago del Estero\u201d encendi\u00f3 el escenario con una presentaci\u00f3n poderosa y aut\u00e9ntica que cautiv\u00f3 a todos.<\/p>\n","protected":false},"excerpt":{"rendered":"<p>Ganadores del NEWBORN Festival 2025 realizado en Kosovo<\/p>\n","protected":false},"author":1,"featured_media":57960,"comment_status":"closed","ping_status":"closed","sticky":false,"template":"","format":"standard","meta":{"footnotes":""},"categories":[16],"tags":[],"class_list":["post-57959","post","type-post","status-publish","format-standard","has-post-thumbnail","hentry","category-locales"],"_links":{"self":[{"href":"http:\/\/elurbanoweb.com.ar\/diario\/wp-json\/wp\/v2\/posts\/57959","targetHints":{"allow":["GET"]}}],"collection":[{"href":"http:\/\/elurbanoweb.com.ar\/diario\/wp-json\/wp\/v2\/posts"}],"about":[{"href":"http:\/\/elurbanoweb.com.ar\/diario\/wp-json\/wp\/v2\/types\/post"}],"author":[{"embeddable":true,"href":"http:\/\/elurbanoweb.com.ar\/diario\/wp-json\/wp\/v2\/users\/1"}],"replies":[{"embeddable":true,"href":"http:\/\/elurbanoweb.com.ar\/diario\/wp-json\/wp\/v2\/comments?post=57959"}],"version-history":[{"count":1,"href":"http:\/\/elurbanoweb.com.ar\/diario\/wp-json\/wp\/v2\/posts\/57959\/revisions"}],"predecessor-version":[{"id":57961,"href":"http:\/\/elurbanoweb.com.ar\/diario\/wp-json\/wp\/v2\/posts\/57959\/revisions\/57961"}],"wp:featuredmedia":[{"embeddable":true,"href":"http:\/\/elurbanoweb.com.ar\/diario\/wp-json\/wp\/v2\/media\/57960"}],"wp:attachment":[{"href":"http:\/\/elurbanoweb.com.ar\/diario\/wp-json\/wp\/v2\/media?parent=57959"}],"wp:term":[{"taxonomy":"category","embeddable":true,"href":"http:\/\/elurbanoweb.com.ar\/diario\/wp-json\/wp\/v2\/categories?post=57959"},{"taxonomy":"post_tag","embeddable":true,"href":"http:\/\/elurbanoweb.com.ar\/diario\/wp-json\/wp\/v2\/tags?post=57959"}],"curies":[{"name":"wp","href":"https:\/\/api.w.org\/{rel}","templated":true}]}}