{"id":57962,"date":"2025-07-13T10:49:00","date_gmt":"2025-07-13T13:49:00","guid":{"rendered":"https:\/\/elurbanoweb.com.ar\/diario\/?p=57962"},"modified":"2025-07-13T10:49:00","modified_gmt":"2025-07-13T13:49:00","slug":"el-patio-de-la-municipalidad-fue-escenario-del-encuentro-coral-de-musica-popular","status":"publish","type":"post","link":"http:\/\/elurbanoweb.com.ar\/diario\/el-patio-de-la-municipalidad-fue-escenario-del-encuentro-coral-de-musica-popular\/","title":{"rendered":"El patio de la Municipalidad fue escenario del Encuentro Coral de M\u00fasica Popular"},"content":{"rendered":"<p>En el marco de las actividades programadas para el mes aniversario, se realiz\u00f3 en el patio central de la Municipalidad de la Capital, una de las jornadas del Encuentro Coral de M\u00fasica Popular \u201cA\u00f1uritay Santiago\u201d, que se desarrolla desde el 10 al 13 de julio, en Capital, La Banda y Termas de R\u00edo Hondo, con la participaci\u00f3n de coros de Santiago del Estero y de provincias vecinas.<\/p>\n<p><img loading=\"lazy\" decoding=\"async\" class=\"alignnone wp-image-57963 size-large\" src=\"http:\/\/elurbanoweb.com.ar\/diario\/wp-content\/uploads\/2025\/07\/encuentro0-1024x586.jpg\" alt=\"\" width=\"1024\" height=\"586\" srcset=\"http:\/\/elurbanoweb.com.ar\/diario\/wp-content\/uploads\/2025\/07\/encuentro0-1024x586.jpg 1024w, http:\/\/elurbanoweb.com.ar\/diario\/wp-content\/uploads\/2025\/07\/encuentro0-300x172.jpg 300w, http:\/\/elurbanoweb.com.ar\/diario\/wp-content\/uploads\/2025\/07\/encuentro0-150x86.jpg 150w, http:\/\/elurbanoweb.com.ar\/diario\/wp-content\/uploads\/2025\/07\/encuentro0-1536x879.jpg 1536w, http:\/\/elurbanoweb.com.ar\/diario\/wp-content\/uploads\/2025\/07\/encuentro0.jpg 2048w\" sizes=\"auto, (max-width: 1024px) 100vw, 1024px\" \/><\/p>\n<p><!--more--> El encuentro, de gran concurrencia de p\u00fablico dio inicio con las palabras de bienvenida del director de Cultura municipal, Francisco Avenda\u00f1o, quien transmiti\u00f3 el saludo de la intendente Ing. Norma Fuentes y agradeci\u00f3 la participaci\u00f3n de los coros de otras provincias, destacando que estos eventos demuestran el trabajo de una comunidad art\u00edstica ante la convocatoria del Estado.<\/p>\n<p>El mismo, se concret\u00f3 con el homenaje al Coro de Ni\u00f1os de la provincia de Santiago del Estero a 40 a\u00f1os de su creaci\u00f3n y cont\u00f3 con la presentaci\u00f3n del Coro del Patio de Indio Froil\u00e1n, de Voces del Alma de Santa Fe, con Cantaco Coro del Club Social y Deportivo de Casa Grande de C\u00f3rdoba, Voces de la Sierras y el Coro de Ni\u00f1os de la provincia.<\/p>\n<p>La actividad coral en ciudad Capital, dio comienzo en horas de la ma\u00f1ana, en las instalaciones del Mercado Armon\u00eda con la muestra del Coro de Tucum\u00e1n, el Coro Voluntariado del Pami y el Coro del Club Social y Deportivo Casa Grande de C\u00f3rdoba y la charla quechua en la m\u00fasica folcl\u00f3rica santiague\u00f1a.<\/p>\n<p>Mientras que, en horas de la tarde, continu\u00f3 en el Centro Cultural \u201cRicardo Rojas\u201d con el Taller de murga \u201cLa voz de la murga\u201d, que fue dictado por el Profesor Bernardo Mart\u00ednez Livoisi.<\/p>\n","protected":false},"excerpt":{"rendered":"<p>En el marco de las actividades programadas para el mes aniversario, se realiz\u00f3 en el patio central de la Municipalidad de la Capital, una de las jornadas del Encuentro Coral&hellip; <\/p>\n","protected":false},"author":1,"featured_media":57963,"comment_status":"closed","ping_status":"closed","sticky":false,"template":"","format":"standard","meta":{"footnotes":""},"categories":[3],"tags":[],"class_list":["post-57962","post","type-post","status-publish","format-standard","has-post-thumbnail","hentry","category-municipio"],"_links":{"self":[{"href":"http:\/\/elurbanoweb.com.ar\/diario\/wp-json\/wp\/v2\/posts\/57962","targetHints":{"allow":["GET"]}}],"collection":[{"href":"http:\/\/elurbanoweb.com.ar\/diario\/wp-json\/wp\/v2\/posts"}],"about":[{"href":"http:\/\/elurbanoweb.com.ar\/diario\/wp-json\/wp\/v2\/types\/post"}],"author":[{"embeddable":true,"href":"http:\/\/elurbanoweb.com.ar\/diario\/wp-json\/wp\/v2\/users\/1"}],"replies":[{"embeddable":true,"href":"http:\/\/elurbanoweb.com.ar\/diario\/wp-json\/wp\/v2\/comments?post=57962"}],"version-history":[{"count":1,"href":"http:\/\/elurbanoweb.com.ar\/diario\/wp-json\/wp\/v2\/posts\/57962\/revisions"}],"predecessor-version":[{"id":57964,"href":"http:\/\/elurbanoweb.com.ar\/diario\/wp-json\/wp\/v2\/posts\/57962\/revisions\/57964"}],"wp:featuredmedia":[{"embeddable":true,"href":"http:\/\/elurbanoweb.com.ar\/diario\/wp-json\/wp\/v2\/media\/57963"}],"wp:attachment":[{"href":"http:\/\/elurbanoweb.com.ar\/diario\/wp-json\/wp\/v2\/media?parent=57962"}],"wp:term":[{"taxonomy":"category","embeddable":true,"href":"http:\/\/elurbanoweb.com.ar\/diario\/wp-json\/wp\/v2\/categories?post=57962"},{"taxonomy":"post_tag","embeddable":true,"href":"http:\/\/elurbanoweb.com.ar\/diario\/wp-json\/wp\/v2\/tags?post=57962"}],"curies":[{"name":"wp","href":"https:\/\/api.w.org\/{rel}","templated":true}]}}