{"id":57965,"date":"2025-07-13T10:53:10","date_gmt":"2025-07-13T13:53:10","guid":{"rendered":"https:\/\/elurbanoweb.com.ar\/diario\/?p=57965"},"modified":"2025-07-13T10:53:10","modified_gmt":"2025-07-13T13:53:10","slug":"gran-participacion-en-la-quinta-edicion-de-la-ciudad-corre","status":"publish","type":"post","link":"http:\/\/elurbanoweb.com.ar\/diario\/gran-participacion-en-la-quinta-edicion-de-la-ciudad-corre\/","title":{"rendered":"Gran participaci\u00f3n en la quinta edici\u00f3n de La Ciudad Corre"},"content":{"rendered":"<p>La competencia comenz\u00f3 a las 8:00 de la ma\u00f1ana en las modalidades de 21K y 10K, que recorre los puntos m\u00e1s emblem\u00e1ticos de Santiago del Estero.<\/p>\n<p><img loading=\"lazy\" decoding=\"async\" class=\"alignnone wp-image-57966 size-large\" src=\"http:\/\/elurbanoweb.com.ar\/diario\/wp-content\/uploads\/2025\/07\/corre1-1024x684.jpg\" alt=\"\" width=\"1024\" height=\"684\" srcset=\"http:\/\/elurbanoweb.com.ar\/diario\/wp-content\/uploads\/2025\/07\/corre1-1024x684.jpg 1024w, http:\/\/elurbanoweb.com.ar\/diario\/wp-content\/uploads\/2025\/07\/corre1-300x200.jpg 300w, http:\/\/elurbanoweb.com.ar\/diario\/wp-content\/uploads\/2025\/07\/corre1-150x100.jpg 150w, http:\/\/elurbanoweb.com.ar\/diario\/wp-content\/uploads\/2025\/07\/corre1-1536x1025.jpg 1536w, http:\/\/elurbanoweb.com.ar\/diario\/wp-content\/uploads\/2025\/07\/corre1.jpg 2048w\" sizes=\"auto, (max-width: 1024px) 100vw, 1024px\" \/><\/p>\n<p><!--more--><\/p>\n<p>Con un ambiente de fiesta y una multitud de espectadores a lo largo del recorrido, los participantes pod\u00edan competir en dos modalidades, 21 kil\u00f3metros y 10K.<\/p>\n<p>El recorrido atraviesa puntos emblem\u00e1ticos de la capital santiague\u00f1a, como el Estadio \u00danico, Plaza Libertad, Casa de Gobierno y el Forum, permitiendo a los atletas disfrutar de la ciudad mientras avanzan en la competencia.<\/p>\n<p><img loading=\"lazy\" decoding=\"async\" class=\"alignnone wp-image-57967 size-large\" src=\"http:\/\/elurbanoweb.com.ar\/diario\/wp-content\/uploads\/2025\/07\/corre2-1024x684.jpg\" alt=\"\" width=\"1024\" height=\"684\" srcset=\"http:\/\/elurbanoweb.com.ar\/diario\/wp-content\/uploads\/2025\/07\/corre2-1024x684.jpg 1024w, http:\/\/elurbanoweb.com.ar\/diario\/wp-content\/uploads\/2025\/07\/corre2-300x200.jpg 300w, http:\/\/elurbanoweb.com.ar\/diario\/wp-content\/uploads\/2025\/07\/corre2-150x100.jpg 150w, http:\/\/elurbanoweb.com.ar\/diario\/wp-content\/uploads\/2025\/07\/corre2-1536x1025.jpg 1536w, http:\/\/elurbanoweb.com.ar\/diario\/wp-content\/uploads\/2025\/07\/corre2.jpg 2048w\" sizes=\"auto, (max-width: 1024px) 100vw, 1024px\" \/><\/p>\n<p>La carrera, que se lleva a cabo en el marco de los festejos por el 472\u00ba aniversario de Santiago del Estero, contin\u00faa su curso con la esperanza de ver nuevos r\u00e9cords y una gran participaci\u00f3n en la meta final.<\/p>\n","protected":false},"excerpt":{"rendered":"<p>La competencia comenz\u00f3 a las 8:00 de la ma\u00f1ana en las modalidades de 21K y 10K, que recorre los puntos m\u00e1s emblem\u00e1ticos de Santiago del Estero.<\/p>\n","protected":false},"author":1,"featured_media":57966,"comment_status":"closed","ping_status":"closed","sticky":false,"template":"","format":"standard","meta":{"footnotes":""},"categories":[3],"tags":[],"class_list":["post-57965","post","type-post","status-publish","format-standard","has-post-thumbnail","hentry","category-municipio"],"_links":{"self":[{"href":"http:\/\/elurbanoweb.com.ar\/diario\/wp-json\/wp\/v2\/posts\/57965","targetHints":{"allow":["GET"]}}],"collection":[{"href":"http:\/\/elurbanoweb.com.ar\/diario\/wp-json\/wp\/v2\/posts"}],"about":[{"href":"http:\/\/elurbanoweb.com.ar\/diario\/wp-json\/wp\/v2\/types\/post"}],"author":[{"embeddable":true,"href":"http:\/\/elurbanoweb.com.ar\/diario\/wp-json\/wp\/v2\/users\/1"}],"replies":[{"embeddable":true,"href":"http:\/\/elurbanoweb.com.ar\/diario\/wp-json\/wp\/v2\/comments?post=57965"}],"version-history":[{"count":1,"href":"http:\/\/elurbanoweb.com.ar\/diario\/wp-json\/wp\/v2\/posts\/57965\/revisions"}],"predecessor-version":[{"id":57968,"href":"http:\/\/elurbanoweb.com.ar\/diario\/wp-json\/wp\/v2\/posts\/57965\/revisions\/57968"}],"wp:featuredmedia":[{"embeddable":true,"href":"http:\/\/elurbanoweb.com.ar\/diario\/wp-json\/wp\/v2\/media\/57966"}],"wp:attachment":[{"href":"http:\/\/elurbanoweb.com.ar\/diario\/wp-json\/wp\/v2\/media?parent=57965"}],"wp:term":[{"taxonomy":"category","embeddable":true,"href":"http:\/\/elurbanoweb.com.ar\/diario\/wp-json\/wp\/v2\/categories?post=57965"},{"taxonomy":"post_tag","embeddable":true,"href":"http:\/\/elurbanoweb.com.ar\/diario\/wp-json\/wp\/v2\/tags?post=57965"}],"curies":[{"name":"wp","href":"https:\/\/api.w.org\/{rel}","templated":true}]}}