{"id":57970,"date":"2025-07-14T10:23:47","date_gmt":"2025-07-14T13:23:47","guid":{"rendered":"https:\/\/elurbanoweb.com.ar\/diario\/?p=57970"},"modified":"2025-07-14T10:23:47","modified_gmt":"2025-07-14T13:23:47","slug":"la-municipalidad-de-la-banda-inicio-el-ciclo-pre-5to-de-pelicula-en-el-cine-teatro-renzi","status":"publish","type":"post","link":"http:\/\/elurbanoweb.com.ar\/diario\/la-municipalidad-de-la-banda-inicio-el-ciclo-pre-5to-de-pelicula-en-el-cine-teatro-renzi\/","title":{"rendered":"La Municipalidad de La Banda inici\u00f3 el ciclo \u201cPre-5to de Pel\u00edcula\u201d en el Cine Teatro Renzi"},"content":{"rendered":"<p>La Municipalidad de La Banda, a trav\u00e9s del Cine Teatro Municipal Renzi y la Direcci\u00f3n de Ni\u00f1ez, Adolescencia y Familia, dio inicio al ciclo \u201cPre-5to de Pel\u00edcula\u201d, una iniciativa que busca combinar entretenimiento y formaci\u00f3n para estudiantes del nivel secundario de escuelas p\u00fablicas y privadas de la ciudad.<\/p>\n<p><img loading=\"lazy\" decoding=\"async\" class=\"alignnone wp-image-57971 size-full\" src=\"http:\/\/elurbanoweb.com.ar\/diario\/wp-content\/uploads\/2025\/07\/renzi1.jpg\" alt=\"\" width=\"1010\" height=\"567\" srcset=\"http:\/\/elurbanoweb.com.ar\/diario\/wp-content\/uploads\/2025\/07\/renzi1.jpg 1010w, http:\/\/elurbanoweb.com.ar\/diario\/wp-content\/uploads\/2025\/07\/renzi1-300x168.jpg 300w, http:\/\/elurbanoweb.com.ar\/diario\/wp-content\/uploads\/2025\/07\/renzi1-150x84.jpg 150w\" sizes=\"auto, (max-width: 1010px) 100vw, 1010px\" \/><\/p>\n<p><!--more--><\/p>\n<p>Esta actividad forma parte de la pol\u00edtica cultural y educativa impulsada por el intendente Ing. Roger E. Nediani, quien ha manifestado en reiteradas oportunidades la necesidad de que el Cine Renzi mantenga una agenda activa, inclusiva y al servicio de la comunidad.<\/p>\n<p>\u201cLa premisa del intendente es clara: que no haya horarios ociosos en el cine, que constantemente se generen propuestas que sumen a los vecinos y vecinas. En este caso, abrimos las puertas para que los adolescentes, a trav\u00e9s del cine, puedan reflexionar, emocionarse y aprender\u201d, expres\u00f3 el director del Cine Renzi, Ricardo Aranda.<\/p>\n<p>Por su parte, el titular de la Direcci\u00f3n de Ni\u00f1ez, Adolescencia y Familia, Ezequiel Roldan destac\u00f3 el valor educativo de la propuesta: \u201c\u2018Pre-5to de Pel\u00edcula\u2019 est\u00e1 pensado para chicos de 16 a\u00f1os, estudiantes de cuarto a\u00f1o, que comienzan a prepararse para su paso al \u00faltimo a\u00f1o del secundario. La pel\u00edcula act\u00faa como disparador para luego abordar tem\u00e1ticas propias de la adolescencia: v\u00ednculos, identidad, toma de decisiones, proyecto de vida. Es un aporte concreto a su formaci\u00f3n y a la construcci\u00f3n de espacios de convivencia\u201d, explic\u00f3.<\/p>\n<p>El ciclo se extender\u00e1 hasta el 17 de julio, con funciones especiales y entrada gratuita. Dado el inter\u00e9s que gener\u00f3 en las instituciones, ya se eval\u00faa la posibilidad de extender la actividad despu\u00e9s del receso invernal, para incluir a aquellas escuelas que no pudieron asistir por cuestiones de calendario acad\u00e9mico.<\/p>\n<p>La convocatoria se realiz\u00f3 mediante invitaci\u00f3n directa a las escuelas y una campa\u00f1a en redes sociales, lo que permiti\u00f3 que se sumaran numerosos grupos de estudiantes. La propuesta tambi\u00e9n apunta a reforzar el sentido de pertenencia, la construcci\u00f3n de ciudadan\u00eda y el fortalecimiento de lazos entre pares, en un momento clave de la etapa escolar.<\/p>\n<p>Este programa se suma a otras acciones que la Municipalidad de La Banda viene desarrollando con un enfoque integral de acompa\u00f1amiento a las juventudes, entendiendo que la educaci\u00f3n y la cultura son pilares fundamentales para el desarrollo social.<\/p>\n","protected":false},"excerpt":{"rendered":"<p>La Municipalidad de La Banda, a trav\u00e9s del Cine Teatro Municipal Renzi y la Direcci\u00f3n de Ni\u00f1ez, Adolescencia y Familia, dio inicio al ciclo \u201cPre-5to de Pel\u00edcula\u201d, una iniciativa que&hellip; <\/p>\n","protected":false},"author":1,"featured_media":57971,"comment_status":"closed","ping_status":"closed","sticky":false,"template":"","format":"standard","meta":{"footnotes":""},"categories":[9],"tags":[],"class_list":["post-57970","post","type-post","status-publish","format-standard","has-post-thumbnail","hentry","category-la-banda"],"_links":{"self":[{"href":"http:\/\/elurbanoweb.com.ar\/diario\/wp-json\/wp\/v2\/posts\/57970","targetHints":{"allow":["GET"]}}],"collection":[{"href":"http:\/\/elurbanoweb.com.ar\/diario\/wp-json\/wp\/v2\/posts"}],"about":[{"href":"http:\/\/elurbanoweb.com.ar\/diario\/wp-json\/wp\/v2\/types\/post"}],"author":[{"embeddable":true,"href":"http:\/\/elurbanoweb.com.ar\/diario\/wp-json\/wp\/v2\/users\/1"}],"replies":[{"embeddable":true,"href":"http:\/\/elurbanoweb.com.ar\/diario\/wp-json\/wp\/v2\/comments?post=57970"}],"version-history":[{"count":1,"href":"http:\/\/elurbanoweb.com.ar\/diario\/wp-json\/wp\/v2\/posts\/57970\/revisions"}],"predecessor-version":[{"id":57972,"href":"http:\/\/elurbanoweb.com.ar\/diario\/wp-json\/wp\/v2\/posts\/57970\/revisions\/57972"}],"wp:featuredmedia":[{"embeddable":true,"href":"http:\/\/elurbanoweb.com.ar\/diario\/wp-json\/wp\/v2\/media\/57971"}],"wp:attachment":[{"href":"http:\/\/elurbanoweb.com.ar\/diario\/wp-json\/wp\/v2\/media?parent=57970"}],"wp:term":[{"taxonomy":"category","embeddable":true,"href":"http:\/\/elurbanoweb.com.ar\/diario\/wp-json\/wp\/v2\/categories?post=57970"},{"taxonomy":"post_tag","embeddable":true,"href":"http:\/\/elurbanoweb.com.ar\/diario\/wp-json\/wp\/v2\/tags?post=57970"}],"curies":[{"name":"wp","href":"https:\/\/api.w.org\/{rel}","templated":true}]}}