{"id":57973,"date":"2025-07-14T10:26:07","date_gmt":"2025-07-14T13:26:07","guid":{"rendered":"https:\/\/elurbanoweb.com.ar\/diario\/?p=57973"},"modified":"2025-07-14T10:26:07","modified_gmt":"2025-07-14T13:26:07","slug":"se-disputo-con-exito-el-primer-torneo-homenaje-a-eduardo-chaca-carabajal","status":"publish","type":"post","link":"http:\/\/elurbanoweb.com.ar\/diario\/se-disputo-con-exito-el-primer-torneo-homenaje-a-eduardo-chaca-carabajal\/","title":{"rendered":"Se disput\u00f3 con \u00e9xito el primer Torneo Homenaje a Eduardo \u00abChaca\u00bb Carabajal"},"content":{"rendered":"<p>El intendente Ing. Roger El\u00edas Nediani particip\u00f3 de la realizaci\u00f3n del Torneo Homenaje a Eduardo \u00abChaca\u00bb Carabajal que tuvo lugar en la cancha de \u00abCholo\u00bb Su\u00e1rez ubicada en el barrio Ampliaci\u00f3n Central Argentino de la ciudad de La Banda.<\/p>\n<p><img loading=\"lazy\" decoding=\"async\" class=\"alignnone wp-image-57974 size-full\" src=\"http:\/\/elurbanoweb.com.ar\/diario\/wp-content\/uploads\/2025\/07\/chaca1.jpg\" alt=\"\" width=\"1010\" height=\"567\" srcset=\"http:\/\/elurbanoweb.com.ar\/diario\/wp-content\/uploads\/2025\/07\/chaca1.jpg 1010w, http:\/\/elurbanoweb.com.ar\/diario\/wp-content\/uploads\/2025\/07\/chaca1-300x168.jpg 300w, http:\/\/elurbanoweb.com.ar\/diario\/wp-content\/uploads\/2025\/07\/chaca1-150x84.jpg 150w\" sizes=\"auto, (max-width: 1010px) 100vw, 1010px\" \/><\/p>\n<p><!--more--><\/p>\n<p>En la ma\u00f1ana del domingo, los equipos de f\u00fatbol de veteranos de Argentinos del Norte y Los Lagos se dieron cita para participar del primer torneo de homenaje a \u00abChaca\u00bb Carabajal, una personalidad destacada en los \u00e1mbitos del deporte, la cultura y la pol\u00edtica de la ciudad de La Banda, quien falleci\u00f3 el pasado mes de junio.<\/p>\n<p>En un emotivo encuentro, estuvieron presentes la viuda de \u00abChaca\u00bb, Estela Noriega y su hija Mariela Carabajal y dem\u00e1s miembros de la familia quienes manifestaron su agradecimiento por el apoyo brindado por el municipio en la realizaci\u00f3n de este torneo que se realizar\u00e1 cada a\u00f1o en esta fecha.<\/p>\n<p>En este sentido, el intendente Nediani manifest\u00f3: \u00abEs un acontecimiento muy emotivo que fue iniciativa del &#8216;Cholo&#8217; Su\u00e1rez para homenajear a nuestro querido &#8216;Chaca&#8217; que hace poco nos ha dejado f\u00edsicamente, pero que nos ha dejado un legado muy grande a todos los bande\u00f1os\u00bb<\/p>\n<p>De igual manera, durante evento se celebr\u00f3 el 10\u00b0 Aniversario de la Chancha de \u00abCholo Su\u00e1rez\u00bb con el acompa\u00f1amiento de los vecinos del sector y los ni\u00f1os que realizan sus pr\u00e1cticas futbol\u00edsticas en el lugar.<\/p>\n<p>Al respecto, Nediani manifest\u00f3: \u00abEl Cholo tiene una escuela de f\u00fatbol infantil, en la viene trabajando desde hace diez a\u00f1os, con el objetivo de mejorar este predio con el acompa\u00f1amiento de los vecinos de la zona y as\u00ed siguen creciendo y avanzando\u00bb.<\/p>\n<p>Por su parte, Su\u00e1rez, indic\u00f3: \u00abEstamos profundamente agradecidos con el intendente Nediani por el acompa\u00f1amiento permanente que tiene con nosotros, con cada iniciativa que tenemos para beneficio de los chicos y de los vecinos y en este caso para homenajear a alguien tan querido por nosotros\u00bb.<\/p>\n<p>\u00abPara nosotros es muy importante el trabajo que hacemos, porque sostenemos un espacio de contenci\u00f3n para los chicos y tambi\u00e9n les abrimos nuestras puertas a los clubes para que realicen sus pr\u00e1cticas\u00bb, finaliz\u00f3 Cholo.<\/p>\n","protected":false},"excerpt":{"rendered":"<p>El intendente Ing. Roger El\u00edas Nediani particip\u00f3 de la realizaci\u00f3n del Torneo Homenaje a Eduardo \u00abChaca\u00bb Carabajal que tuvo lugar en la cancha de \u00abCholo\u00bb Su\u00e1rez ubicada en el barrio&hellip; <\/p>\n","protected":false},"author":1,"featured_media":57974,"comment_status":"closed","ping_status":"closed","sticky":false,"template":"","format":"standard","meta":{"footnotes":""},"categories":[9],"tags":[],"class_list":["post-57973","post","type-post","status-publish","format-standard","has-post-thumbnail","hentry","category-la-banda"],"_links":{"self":[{"href":"http:\/\/elurbanoweb.com.ar\/diario\/wp-json\/wp\/v2\/posts\/57973","targetHints":{"allow":["GET"]}}],"collection":[{"href":"http:\/\/elurbanoweb.com.ar\/diario\/wp-json\/wp\/v2\/posts"}],"about":[{"href":"http:\/\/elurbanoweb.com.ar\/diario\/wp-json\/wp\/v2\/types\/post"}],"author":[{"embeddable":true,"href":"http:\/\/elurbanoweb.com.ar\/diario\/wp-json\/wp\/v2\/users\/1"}],"replies":[{"embeddable":true,"href":"http:\/\/elurbanoweb.com.ar\/diario\/wp-json\/wp\/v2\/comments?post=57973"}],"version-history":[{"count":1,"href":"http:\/\/elurbanoweb.com.ar\/diario\/wp-json\/wp\/v2\/posts\/57973\/revisions"}],"predecessor-version":[{"id":57975,"href":"http:\/\/elurbanoweb.com.ar\/diario\/wp-json\/wp\/v2\/posts\/57973\/revisions\/57975"}],"wp:featuredmedia":[{"embeddable":true,"href":"http:\/\/elurbanoweb.com.ar\/diario\/wp-json\/wp\/v2\/media\/57974"}],"wp:attachment":[{"href":"http:\/\/elurbanoweb.com.ar\/diario\/wp-json\/wp\/v2\/media?parent=57973"}],"wp:term":[{"taxonomy":"category","embeddable":true,"href":"http:\/\/elurbanoweb.com.ar\/diario\/wp-json\/wp\/v2\/categories?post=57973"},{"taxonomy":"post_tag","embeddable":true,"href":"http:\/\/elurbanoweb.com.ar\/diario\/wp-json\/wp\/v2\/tags?post=57973"}],"curies":[{"name":"wp","href":"https:\/\/api.w.org\/{rel}","templated":true}]}}