{"id":57976,"date":"2025-07-14T10:28:45","date_gmt":"2025-07-14T13:28:45","guid":{"rendered":"https:\/\/elurbanoweb.com.ar\/diario\/?p=57976"},"modified":"2025-07-14T10:28:45","modified_gmt":"2025-07-14T13:28:45","slug":"la-quinta-edicion-del-festival-sustentable-en-el-parque-del-encuentro-ratifico-el-mensaje-por-el-cuidado-del-medio-ambiente","status":"publish","type":"post","link":"http:\/\/elurbanoweb.com.ar\/diario\/la-quinta-edicion-del-festival-sustentable-en-el-parque-del-encuentro-ratifico-el-mensaje-por-el-cuidado-del-medio-ambiente\/","title":{"rendered":"La quinta edici\u00f3n del Festival Sustentable en el Parque del Encuentro ratific\u00f3 el mensaje por el cuidado del medio ambiente"},"content":{"rendered":"<p>Con el apoyo de la Municipalidad de la Capital y en el marco de los 472 a\u00f1os de la Madre de Ciudades, se realiz\u00f3 la quinta edici\u00f3n de Encuentro en el Parque, Festival Sustentable, que tiene por objetivo seguir generando conciencia ambiental con el cuidado del planeta.<\/p>\n<p><img loading=\"lazy\" decoding=\"async\" class=\"alignnone wp-image-57977 size-full\" src=\"http:\/\/elurbanoweb.com.ar\/diario\/wp-content\/uploads\/2025\/07\/quinta.jpg\" alt=\"\" width=\"1010\" height=\"567\" srcset=\"http:\/\/elurbanoweb.com.ar\/diario\/wp-content\/uploads\/2025\/07\/quinta.jpg 1010w, http:\/\/elurbanoweb.com.ar\/diario\/wp-content\/uploads\/2025\/07\/quinta-300x168.jpg 300w, http:\/\/elurbanoweb.com.ar\/diario\/wp-content\/uploads\/2025\/07\/quinta-150x84.jpg 150w\" sizes=\"auto, (max-width: 1010px) 100vw, 1010px\" \/><\/p>\n<p><!--more--><\/p>\n<p>Tuvo como escenario el Parque del Encuentro en donde confluyeron familias, grupos de amigos y asociaciones ambientalistas, quienes resaltaron el compromiso por un medio ambiente m\u00e1s verde, llevar adelante acciones pr\u00e1cticas como el reciclado, la reutilizaci\u00f3n de materiales, la preservaci\u00f3n de la biodiversidad, entre otros.<\/p>\n<p>En el festival hubo feria de emprendedores y artesanos, gastronom\u00eda y m\u00fasica en vivo con una amplia grilla de artistas locales.<\/p>\n","protected":false},"excerpt":{"rendered":"<p>Con el apoyo de la Municipalidad de la Capital y en el marco de los 472 a\u00f1os de la Madre de Ciudades, se realiz\u00f3 la quinta edici\u00f3n de Encuentro en&hellip; <\/p>\n","protected":false},"author":1,"featured_media":57977,"comment_status":"closed","ping_status":"closed","sticky":false,"template":"","format":"standard","meta":{"footnotes":""},"categories":[16,3],"tags":[],"class_list":["post-57976","post","type-post","status-publish","format-standard","has-post-thumbnail","hentry","category-locales","category-municipio"],"_links":{"self":[{"href":"http:\/\/elurbanoweb.com.ar\/diario\/wp-json\/wp\/v2\/posts\/57976","targetHints":{"allow":["GET"]}}],"collection":[{"href":"http:\/\/elurbanoweb.com.ar\/diario\/wp-json\/wp\/v2\/posts"}],"about":[{"href":"http:\/\/elurbanoweb.com.ar\/diario\/wp-json\/wp\/v2\/types\/post"}],"author":[{"embeddable":true,"href":"http:\/\/elurbanoweb.com.ar\/diario\/wp-json\/wp\/v2\/users\/1"}],"replies":[{"embeddable":true,"href":"http:\/\/elurbanoweb.com.ar\/diario\/wp-json\/wp\/v2\/comments?post=57976"}],"version-history":[{"count":1,"href":"http:\/\/elurbanoweb.com.ar\/diario\/wp-json\/wp\/v2\/posts\/57976\/revisions"}],"predecessor-version":[{"id":57978,"href":"http:\/\/elurbanoweb.com.ar\/diario\/wp-json\/wp\/v2\/posts\/57976\/revisions\/57978"}],"wp:featuredmedia":[{"embeddable":true,"href":"http:\/\/elurbanoweb.com.ar\/diario\/wp-json\/wp\/v2\/media\/57977"}],"wp:attachment":[{"href":"http:\/\/elurbanoweb.com.ar\/diario\/wp-json\/wp\/v2\/media?parent=57976"}],"wp:term":[{"taxonomy":"category","embeddable":true,"href":"http:\/\/elurbanoweb.com.ar\/diario\/wp-json\/wp\/v2\/categories?post=57976"},{"taxonomy":"post_tag","embeddable":true,"href":"http:\/\/elurbanoweb.com.ar\/diario\/wp-json\/wp\/v2\/tags?post=57976"}],"curies":[{"name":"wp","href":"https:\/\/api.w.org\/{rel}","templated":true}]}}