{"id":57979,"date":"2025-07-14T10:30:06","date_gmt":"2025-07-14T13:30:06","guid":{"rendered":"https:\/\/elurbanoweb.com.ar\/diario\/?p=57979"},"modified":"2025-07-14T10:30:06","modified_gmt":"2025-07-14T13:30:06","slug":"la-municipalidad-de-la-banda-realizo-una-jornada-de-inmunizacion-escolar-en-el-jardin-de-infantes-n-228-merceditas","status":"publish","type":"post","link":"http:\/\/elurbanoweb.com.ar\/diario\/la-municipalidad-de-la-banda-realizo-una-jornada-de-inmunizacion-escolar-en-el-jardin-de-infantes-n-228-merceditas\/","title":{"rendered":"La Municipalidad de La Banda realiz\u00f3 una jornada de inmunizaci\u00f3n escolar en el Jard\u00edn de Infantes N\u00b0 228 \u201cMerceditas\u201d"},"content":{"rendered":"<p>En el marco de la campa\u00f1a de vacunaci\u00f3n que se desarrolla desde la Secretar\u00eda de Salud, personal del Centro de Integraci\u00f3n Comunitaria (CIC) San Carlos llev\u00f3 a cabo una jornada de inmunizaci\u00f3n en el Jard\u00edn de Infantes N\u00b0 228 \u201cMerceditas\u201d, destinado a ni\u00f1os de 5 y 6 a\u00f1os.<\/p>\n<p><img loading=\"lazy\" decoding=\"async\" class=\"alignnone wp-image-57980 size-full\" src=\"http:\/\/elurbanoweb.com.ar\/diario\/wp-content\/uploads\/2025\/07\/merceditas.jpg\" alt=\"\" width=\"1010\" height=\"567\" srcset=\"http:\/\/elurbanoweb.com.ar\/diario\/wp-content\/uploads\/2025\/07\/merceditas.jpg 1010w, http:\/\/elurbanoweb.com.ar\/diario\/wp-content\/uploads\/2025\/07\/merceditas-300x168.jpg 300w, http:\/\/elurbanoweb.com.ar\/diario\/wp-content\/uploads\/2025\/07\/merceditas-150x84.jpg 150w\" sizes=\"auto, (max-width: 1010px) 100vw, 1010px\" \/><\/p>\n<p><!--more--><\/p>\n<p>Durante la actividad se aplicaron las vacunas correspondientes al ingreso escolar, de acuerdo al Calendario Nacional, y se completaron esquemas pendientes de inmunizaci\u00f3n. Adem\u00e1s, se realiz\u00f3 una charla informativa dirigida a madres, padres y tutores, destacando la importancia de mantener al d\u00eda las vacunas obligatorias. Tambi\u00e9n se efectuaron controles de signos vitales para garantizar el buen estado de salud de los peque\u00f1os.<\/p>\n<p>El secretario de Salud, C\u00e9sar Scabuzzo, remarc\u00f3: \u201cLa vacunaci\u00f3n en edad escolar es una herramienta fundamental para prevenir enfermedades y asegurar que ni\u00f1as y ni\u00f1os transiten esta etapa con m\u00e1s salud y protecci\u00f3n. Acercarnos a las instituciones educativas nos permite ampliar la cobertura y el acceso\u201d.<\/p>\n<p>Esta acci\u00f3n se enmarca en las pol\u00edticas p\u00fablicas impulsadas por el intendente Ing. Roger El\u00edas Nediani, que priorizan el cuidado de la salud infantil desde una perspectiva integral, preventiva y con alcance territorial.<\/p>\n","protected":false},"excerpt":{"rendered":"<p>En el marco de la campa\u00f1a de vacunaci\u00f3n que se desarrolla desde la Secretar\u00eda de Salud, personal del Centro de Integraci\u00f3n Comunitaria (CIC) San Carlos llev\u00f3 a cabo una jornada&hellip; <\/p>\n","protected":false},"author":1,"featured_media":57980,"comment_status":"closed","ping_status":"closed","sticky":false,"template":"","format":"standard","meta":{"footnotes":""},"categories":[9],"tags":[],"class_list":["post-57979","post","type-post","status-publish","format-standard","has-post-thumbnail","hentry","category-la-banda"],"_links":{"self":[{"href":"http:\/\/elurbanoweb.com.ar\/diario\/wp-json\/wp\/v2\/posts\/57979","targetHints":{"allow":["GET"]}}],"collection":[{"href":"http:\/\/elurbanoweb.com.ar\/diario\/wp-json\/wp\/v2\/posts"}],"about":[{"href":"http:\/\/elurbanoweb.com.ar\/diario\/wp-json\/wp\/v2\/types\/post"}],"author":[{"embeddable":true,"href":"http:\/\/elurbanoweb.com.ar\/diario\/wp-json\/wp\/v2\/users\/1"}],"replies":[{"embeddable":true,"href":"http:\/\/elurbanoweb.com.ar\/diario\/wp-json\/wp\/v2\/comments?post=57979"}],"version-history":[{"count":1,"href":"http:\/\/elurbanoweb.com.ar\/diario\/wp-json\/wp\/v2\/posts\/57979\/revisions"}],"predecessor-version":[{"id":57981,"href":"http:\/\/elurbanoweb.com.ar\/diario\/wp-json\/wp\/v2\/posts\/57979\/revisions\/57981"}],"wp:featuredmedia":[{"embeddable":true,"href":"http:\/\/elurbanoweb.com.ar\/diario\/wp-json\/wp\/v2\/media\/57980"}],"wp:attachment":[{"href":"http:\/\/elurbanoweb.com.ar\/diario\/wp-json\/wp\/v2\/media?parent=57979"}],"wp:term":[{"taxonomy":"category","embeddable":true,"href":"http:\/\/elurbanoweb.com.ar\/diario\/wp-json\/wp\/v2\/categories?post=57979"},{"taxonomy":"post_tag","embeddable":true,"href":"http:\/\/elurbanoweb.com.ar\/diario\/wp-json\/wp\/v2\/tags?post=57979"}],"curies":[{"name":"wp","href":"https:\/\/api.w.org\/{rel}","templated":true}]}}