{"id":57982,"date":"2025-07-14T10:34:41","date_gmt":"2025-07-14T13:34:41","guid":{"rendered":"https:\/\/elurbanoweb.com.ar\/diario\/?p=57982"},"modified":"2025-07-14T10:34:41","modified_gmt":"2025-07-14T13:34:41","slug":"la-intendente-fuentes-y-el-secretario-de-deportes-de-la-provincia-dapello-entregaron-los-premios-a-los-atletas-de-la-maraton-la-ciudad-corre","status":"publish","type":"post","link":"http:\/\/elurbanoweb.com.ar\/diario\/la-intendente-fuentes-y-el-secretario-de-deportes-de-la-provincia-dapello-entregaron-los-premios-a-los-atletas-de-la-maraton-la-ciudad-corre\/","title":{"rendered":"La intendente Fuentes y el secretario de Deportes de la Provincia Dapello entregaron los premios a los atletas de la Marat\u00f3n \u201cLa Ciudad Corre\u201d"},"content":{"rendered":"<p>La intendente de la Capital, Ing. Norma Fuentes, destac\u00f3 la participaci\u00f3n de m\u00e1s de 2.000 atletas santiague\u00f1os y de otras provincias que compitieron en la Marat\u00f3n \u201cLa ciudad corre\u201d de 10 y 21 km., donde encabez\u00f3 junto al secretario de Deportes de la Provincia, Carlos Dapello, la entrega de premios a los ganadores de la competencia.<\/p>\n<p><img loading=\"lazy\" decoding=\"async\" class=\"alignnone wp-image-57983 size-large\" src=\"http:\/\/elurbanoweb.com.ar\/diario\/wp-content\/uploads\/2025\/07\/premios1-1024x683.jpg\" alt=\"\" width=\"1024\" height=\"683\" srcset=\"http:\/\/elurbanoweb.com.ar\/diario\/wp-content\/uploads\/2025\/07\/premios1-1024x683.jpg 1024w, http:\/\/elurbanoweb.com.ar\/diario\/wp-content\/uploads\/2025\/07\/premios1-300x200.jpg 300w, http:\/\/elurbanoweb.com.ar\/diario\/wp-content\/uploads\/2025\/07\/premios1-150x100.jpg 150w, http:\/\/elurbanoweb.com.ar\/diario\/wp-content\/uploads\/2025\/07\/premios1-1536x1024.jpg 1536w, http:\/\/elurbanoweb.com.ar\/diario\/wp-content\/uploads\/2025\/07\/premios1.jpg 1600w\" sizes=\"auto, (max-width: 1024px) 100vw, 1024px\" \/><\/p>\n<p><!--more-->La tradicional prueba de atletismo se llev\u00f3 a cabo en el marco de las m\u00faltiples actividades programadas por el 472\u00b0 aniversario de la Madre de Ciudad y recorri\u00f3 lugares emblem\u00e1ticos de la ciudad, finalizando en el paseo de los Food Trucks, de la avenida Diego Maradona.<\/p>\n<p><img loading=\"lazy\" decoding=\"async\" class=\"alignnone wp-image-57984 size-large\" src=\"http:\/\/elurbanoweb.com.ar\/diario\/wp-content\/uploads\/2025\/07\/premios2-1024x683.jpg\" alt=\"\" width=\"1024\" height=\"683\" srcset=\"http:\/\/elurbanoweb.com.ar\/diario\/wp-content\/uploads\/2025\/07\/premios2-1024x683.jpg 1024w, http:\/\/elurbanoweb.com.ar\/diario\/wp-content\/uploads\/2025\/07\/premios2-300x200.jpg 300w, http:\/\/elurbanoweb.com.ar\/diario\/wp-content\/uploads\/2025\/07\/premios2-150x100.jpg 150w, http:\/\/elurbanoweb.com.ar\/diario\/wp-content\/uploads\/2025\/07\/premios2-1536x1025.jpg 1536w, http:\/\/elurbanoweb.com.ar\/diario\/wp-content\/uploads\/2025\/07\/premios2.jpg 2048w\" sizes=\"auto, (max-width: 1024px) 100vw, 1024px\" \/><\/p>\n<p>All\u00ed, la jefa comunal estuvo acompa\u00f1ada por el presidente del Concejo Deliberante, Humberto Santill\u00e1n; los secretarios de Coordinaci\u00f3n, Daniel Kobyla\u00f1ski y de Gobierno, N\u00e9stor Machado; la subsecretaria de Obras P\u00fablicas Rosa Allalla y su par de Gobierno, Diego Brunet.<\/p>\n<p>En la edici\u00f3n 2025 subieron al podio en los 10 km., en la categor\u00eda masculina: Carlos Quiroga, Pablo Toledo y Mauro S\u00e1nchez; y en femenina lo hicieron: N\u00e9lida Pe\u00f1aflor, Emilse Olivera y Mayra D\u00edaz .<\/p>\n<p><img loading=\"lazy\" decoding=\"async\" class=\"alignnone wp-image-57985 size-large\" src=\"http:\/\/elurbanoweb.com.ar\/diario\/wp-content\/uploads\/2025\/07\/premios3-1024x683.jpg\" alt=\"\" width=\"1024\" height=\"683\" srcset=\"http:\/\/elurbanoweb.com.ar\/diario\/wp-content\/uploads\/2025\/07\/premios3-1024x683.jpg 1024w, http:\/\/elurbanoweb.com.ar\/diario\/wp-content\/uploads\/2025\/07\/premios3-300x200.jpg 300w, http:\/\/elurbanoweb.com.ar\/diario\/wp-content\/uploads\/2025\/07\/premios3-150x100.jpg 150w, http:\/\/elurbanoweb.com.ar\/diario\/wp-content\/uploads\/2025\/07\/premios3-1536x1025.jpg 1536w, http:\/\/elurbanoweb.com.ar\/diario\/wp-content\/uploads\/2025\/07\/premios3.jpg 2048w\" sizes=\"auto, (max-width: 1024px) 100vw, 1024px\" \/><\/p>\n<p>Mientras que, en los 21 km., los ganadores fueron: Gisella D\u00edaz, Silvina Delgado y Mar\u00eda Soledad Iba\u00f1ez en la categor\u00eda femenina y Esteban Angulo, Mauricio Garz\u00f3n Carabajal y Edgar Neri por los hombres.<\/p>\n","protected":false},"excerpt":{"rendered":"<p>La intendente de la Capital, Ing. Norma Fuentes, destac\u00f3 la participaci\u00f3n de m\u00e1s de 2.000 atletas santiague\u00f1os y de otras provincias que compitieron en la Marat\u00f3n \u201cLa ciudad corre\u201d de&hellip; <\/p>\n","protected":false},"author":1,"featured_media":57983,"comment_status":"closed","ping_status":"closed","sticky":false,"template":"","format":"standard","meta":{"footnotes":""},"categories":[3],"tags":[],"class_list":["post-57982","post","type-post","status-publish","format-standard","has-post-thumbnail","hentry","category-municipio"],"_links":{"self":[{"href":"http:\/\/elurbanoweb.com.ar\/diario\/wp-json\/wp\/v2\/posts\/57982","targetHints":{"allow":["GET"]}}],"collection":[{"href":"http:\/\/elurbanoweb.com.ar\/diario\/wp-json\/wp\/v2\/posts"}],"about":[{"href":"http:\/\/elurbanoweb.com.ar\/diario\/wp-json\/wp\/v2\/types\/post"}],"author":[{"embeddable":true,"href":"http:\/\/elurbanoweb.com.ar\/diario\/wp-json\/wp\/v2\/users\/1"}],"replies":[{"embeddable":true,"href":"http:\/\/elurbanoweb.com.ar\/diario\/wp-json\/wp\/v2\/comments?post=57982"}],"version-history":[{"count":1,"href":"http:\/\/elurbanoweb.com.ar\/diario\/wp-json\/wp\/v2\/posts\/57982\/revisions"}],"predecessor-version":[{"id":57986,"href":"http:\/\/elurbanoweb.com.ar\/diario\/wp-json\/wp\/v2\/posts\/57982\/revisions\/57986"}],"wp:featuredmedia":[{"embeddable":true,"href":"http:\/\/elurbanoweb.com.ar\/diario\/wp-json\/wp\/v2\/media\/57983"}],"wp:attachment":[{"href":"http:\/\/elurbanoweb.com.ar\/diario\/wp-json\/wp\/v2\/media?parent=57982"}],"wp:term":[{"taxonomy":"category","embeddable":true,"href":"http:\/\/elurbanoweb.com.ar\/diario\/wp-json\/wp\/v2\/categories?post=57982"},{"taxonomy":"post_tag","embeddable":true,"href":"http:\/\/elurbanoweb.com.ar\/diario\/wp-json\/wp\/v2\/tags?post=57982"}],"curies":[{"name":"wp","href":"https:\/\/api.w.org\/{rel}","templated":true}]}}