{"id":57987,"date":"2025-07-14T10:36:55","date_gmt":"2025-07-14T13:36:55","guid":{"rendered":"https:\/\/elurbanoweb.com.ar\/diario\/?p=57987"},"modified":"2025-07-14T10:36:55","modified_gmt":"2025-07-14T13:36:55","slug":"santiago-del-estero-ya-palpita-la-23a-marcha-de-los-bombos","status":"publish","type":"post","link":"http:\/\/elurbanoweb.com.ar\/diario\/santiago-del-estero-ya-palpita-la-23a-marcha-de-los-bombos\/","title":{"rendered":"Santiago del Estero ya palpita la 23\u00aa Marcha de los Bombos"},"content":{"rendered":"<p>Este s\u00e1bado 19 de julio, las calles de la capital santiague\u00f1a volver\u00e1n a colmarse de sonidos, emociones y tradiciones con la realizaci\u00f3n de la 23\u00aa edici\u00f3n de la Marcha de los Bombos, una de las expresiones culturales m\u00e1s emblem\u00e1ticas de la provincia.<\/p>\n<p><img loading=\"lazy\" decoding=\"async\" class=\"alignnone wp-image-57988 size-large\" src=\"http:\/\/elurbanoweb.com.ar\/diario\/wp-content\/uploads\/2025\/07\/marcha1-1024x576.jpg\" alt=\"\" width=\"1024\" height=\"576\" srcset=\"http:\/\/elurbanoweb.com.ar\/diario\/wp-content\/uploads\/2025\/07\/marcha1-1024x576.jpg 1024w, http:\/\/elurbanoweb.com.ar\/diario\/wp-content\/uploads\/2025\/07\/marcha1-300x169.jpg 300w, http:\/\/elurbanoweb.com.ar\/diario\/wp-content\/uploads\/2025\/07\/marcha1-150x84.jpg 150w, http:\/\/elurbanoweb.com.ar\/diario\/wp-content\/uploads\/2025\/07\/marcha1-1536x864.jpg 1536w, http:\/\/elurbanoweb.com.ar\/diario\/wp-content\/uploads\/2025\/07\/marcha1.jpg 1920w\" sizes=\"auto, (max-width: 1024px) 100vw, 1024px\" \/><\/p>\n<p><!--more--><\/p>\n<p>Desde diversos rincones del territorio provincial, columnas de bombistas y caminantes se congregar\u00e1n con un mismo prop\u00f3sito: rendir homenaje a las ra\u00edces, a los mayores, y a la tierra que vibra con cada golpe del bombo leg\u00fcero y el sonar de las cuerdas y los fuelles.<\/p>\n<p>M\u00e1s que un evento, la Marcha es un s\u00edmbolo. Es Santiago del Estero caminando al comp\u00e1s de su historia y en un mismo latido.<\/p>\n","protected":false},"excerpt":{"rendered":"<p>Este s\u00e1bado 19 de julio, las calles de la capital santiague\u00f1a volver\u00e1n a colmarse de sonidos, emociones y tradiciones con la realizaci\u00f3n de la 23\u00aa edici\u00f3n de la Marcha de&hellip; <\/p>\n","protected":false},"author":1,"featured_media":57988,"comment_status":"closed","ping_status":"closed","sticky":false,"template":"","format":"standard","meta":{"footnotes":""},"categories":[16],"tags":[],"class_list":["post-57987","post","type-post","status-publish","format-standard","has-post-thumbnail","hentry","category-locales"],"_links":{"self":[{"href":"http:\/\/elurbanoweb.com.ar\/diario\/wp-json\/wp\/v2\/posts\/57987","targetHints":{"allow":["GET"]}}],"collection":[{"href":"http:\/\/elurbanoweb.com.ar\/diario\/wp-json\/wp\/v2\/posts"}],"about":[{"href":"http:\/\/elurbanoweb.com.ar\/diario\/wp-json\/wp\/v2\/types\/post"}],"author":[{"embeddable":true,"href":"http:\/\/elurbanoweb.com.ar\/diario\/wp-json\/wp\/v2\/users\/1"}],"replies":[{"embeddable":true,"href":"http:\/\/elurbanoweb.com.ar\/diario\/wp-json\/wp\/v2\/comments?post=57987"}],"version-history":[{"count":1,"href":"http:\/\/elurbanoweb.com.ar\/diario\/wp-json\/wp\/v2\/posts\/57987\/revisions"}],"predecessor-version":[{"id":57989,"href":"http:\/\/elurbanoweb.com.ar\/diario\/wp-json\/wp\/v2\/posts\/57987\/revisions\/57989"}],"wp:featuredmedia":[{"embeddable":true,"href":"http:\/\/elurbanoweb.com.ar\/diario\/wp-json\/wp\/v2\/media\/57988"}],"wp:attachment":[{"href":"http:\/\/elurbanoweb.com.ar\/diario\/wp-json\/wp\/v2\/media?parent=57987"}],"wp:term":[{"taxonomy":"category","embeddable":true,"href":"http:\/\/elurbanoweb.com.ar\/diario\/wp-json\/wp\/v2\/categories?post=57987"},{"taxonomy":"post_tag","embeddable":true,"href":"http:\/\/elurbanoweb.com.ar\/diario\/wp-json\/wp\/v2\/tags?post=57987"}],"curies":[{"name":"wp","href":"https:\/\/api.w.org\/{rel}","templated":true}]}}