{"id":57990,"date":"2025-07-14T10:38:00","date_gmt":"2025-07-14T13:38:00","guid":{"rendered":"https:\/\/elurbanoweb.com.ar\/diario\/?p=57990"},"modified":"2025-07-14T10:38:00","modified_gmt":"2025-07-14T13:38:00","slug":"calidad-de-vida-de-la-municipalidad-informo-los-barrios-que-seran-alcanzados-por-el-programa-de-fumigaciones","status":"publish","type":"post","link":"http:\/\/elurbanoweb.com.ar\/diario\/calidad-de-vida-de-la-municipalidad-informo-los-barrios-que-seran-alcanzados-por-el-programa-de-fumigaciones\/","title":{"rendered":"Calidad de Vida de la Municipalidad inform\u00f3 los barrios que ser\u00e1n alcanzados por el programa de fumigaciones"},"content":{"rendered":"<p>La Direcci\u00f3n de Calidad de Vida de la Municipalidad de la Capital dio a conocer los barrios que abarcar\u00e1 esta semana su programa de fumigaciones preventivas.<\/p>\n<p><img loading=\"lazy\" decoding=\"async\" class=\"alignnone wp-image-57991 size-full\" src=\"http:\/\/elurbanoweb.com.ar\/diario\/wp-content\/uploads\/2025\/07\/fumigacion.jpg\" alt=\"\" width=\"771\" height=\"551\" srcset=\"http:\/\/elurbanoweb.com.ar\/diario\/wp-content\/uploads\/2025\/07\/fumigacion.jpg 771w, http:\/\/elurbanoweb.com.ar\/diario\/wp-content\/uploads\/2025\/07\/fumigacion-300x214.jpg 300w, http:\/\/elurbanoweb.com.ar\/diario\/wp-content\/uploads\/2025\/07\/fumigacion-150x107.jpg 150w\" sizes=\"auto, (max-width: 771px) 100vw, 771px\" \/><\/p>\n<p><!--more--> El lunes trabajar\u00e1 en los barrios Siglo XX, Siglo XXI, Saint Germ\u00e9s y Campo Contreras.<\/p>\n<p>El martes ser\u00e1 el turno de los barrios Ej\u00e9rcito Argentino, Am\u00e9rica del Sur y Juan D\u00edaz de Solis.<\/p>\n<p>El mi\u00e9rcoles las pulverizaciones se localizar\u00e1n en los barrios Juramento, Tradici\u00f3n, Sarmiento, Ram\u00f3n Carrillo, Primera Junta e Inmigrantes.<\/p>\n<p>El jueves se recorrer\u00e1n los barrios Congreso, Francisco de Aguirre, S\u00e1enz Pe\u00f1a, Rivadavia y Jorge Newbery.<\/p>\n<p>El viernes est\u00e1n previstas las fumigaciones en los barrios Col\u00f3n, Centenario y Juan Felipe Ibarra.<\/p>\n","protected":false},"excerpt":{"rendered":"<p>La Direcci\u00f3n de Calidad de Vida de la Municipalidad de la Capital dio a conocer los barrios que abarcar\u00e1 esta semana su programa de fumigaciones preventivas.<\/p>\n","protected":false},"author":1,"featured_media":57991,"comment_status":"closed","ping_status":"closed","sticky":false,"template":"","format":"standard","meta":{"footnotes":""},"categories":[3],"tags":[],"class_list":["post-57990","post","type-post","status-publish","format-standard","has-post-thumbnail","hentry","category-municipio"],"_links":{"self":[{"href":"http:\/\/elurbanoweb.com.ar\/diario\/wp-json\/wp\/v2\/posts\/57990","targetHints":{"allow":["GET"]}}],"collection":[{"href":"http:\/\/elurbanoweb.com.ar\/diario\/wp-json\/wp\/v2\/posts"}],"about":[{"href":"http:\/\/elurbanoweb.com.ar\/diario\/wp-json\/wp\/v2\/types\/post"}],"author":[{"embeddable":true,"href":"http:\/\/elurbanoweb.com.ar\/diario\/wp-json\/wp\/v2\/users\/1"}],"replies":[{"embeddable":true,"href":"http:\/\/elurbanoweb.com.ar\/diario\/wp-json\/wp\/v2\/comments?post=57990"}],"version-history":[{"count":1,"href":"http:\/\/elurbanoweb.com.ar\/diario\/wp-json\/wp\/v2\/posts\/57990\/revisions"}],"predecessor-version":[{"id":57992,"href":"http:\/\/elurbanoweb.com.ar\/diario\/wp-json\/wp\/v2\/posts\/57990\/revisions\/57992"}],"wp:featuredmedia":[{"embeddable":true,"href":"http:\/\/elurbanoweb.com.ar\/diario\/wp-json\/wp\/v2\/media\/57991"}],"wp:attachment":[{"href":"http:\/\/elurbanoweb.com.ar\/diario\/wp-json\/wp\/v2\/media?parent=57990"}],"wp:term":[{"taxonomy":"category","embeddable":true,"href":"http:\/\/elurbanoweb.com.ar\/diario\/wp-json\/wp\/v2\/categories?post=57990"},{"taxonomy":"post_tag","embeddable":true,"href":"http:\/\/elurbanoweb.com.ar\/diario\/wp-json\/wp\/v2\/tags?post=57990"}],"curies":[{"name":"wp","href":"https:\/\/api.w.org\/{rel}","templated":true}]}}