{"id":57998,"date":"2025-07-14T21:08:25","date_gmt":"2025-07-15T00:08:25","guid":{"rendered":"https:\/\/elurbanoweb.com.ar\/diario\/?p=57998"},"modified":"2025-07-14T21:08:25","modified_gmt":"2025-07-15T00:08:25","slug":"se-encuentran-abiertas-las-inscripciones-para-el-programa-de-ingreso-universitario-para-mayores-de-25-anos-sin-titulo-secundario","status":"publish","type":"post","link":"http:\/\/elurbanoweb.com.ar\/diario\/se-encuentran-abiertas-las-inscripciones-para-el-programa-de-ingreso-universitario-para-mayores-de-25-anos-sin-titulo-secundario\/","title":{"rendered":"Se encuentran abiertas las inscripciones para el Programa de Ingreso Universitario para Mayores de 25 A\u00f1os Sin T\u00edtulo Secundario"},"content":{"rendered":"<p>Seg\u00fan lo establece el Art. 7\u00b0 de la Ley de Educaci\u00f3n Superior N\u00b0 24.521\/95, las personas mayores de 25 a\u00f1os que no hayan finalizado el nivel secundario pueden ingresar a instituciones de educaci\u00f3n superior de manera excepcional, siempre que demuestren tener preparaci\u00f3n, experiencia laboral, aptitudes y conocimientos suficientes para cursar satisfactoriamente los estudios elegidos.<\/p>\n<p><img loading=\"lazy\" decoding=\"async\" class=\"alignnone wp-image-57999 size-large\" src=\"http:\/\/elurbanoweb.com.ar\/diario\/wp-content\/uploads\/2025\/07\/ingreso-819x1024.jpg\" alt=\"\" width=\"819\" height=\"1024\" srcset=\"http:\/\/elurbanoweb.com.ar\/diario\/wp-content\/uploads\/2025\/07\/ingreso-819x1024.jpg 819w, http:\/\/elurbanoweb.com.ar\/diario\/wp-content\/uploads\/2025\/07\/ingreso-240x300.jpg 240w, http:\/\/elurbanoweb.com.ar\/diario\/wp-content\/uploads\/2025\/07\/ingreso-120x150.jpg 120w, http:\/\/elurbanoweb.com.ar\/diario\/wp-content\/uploads\/2025\/07\/ingreso.jpg 1080w\" sizes=\"auto, (max-width: 819px) 100vw, 819px\" \/><\/p>\n<p><!--more-->&#x1f538; Inscripciones online hasta 28 de julio de 2025<br \/>\n&#x1f538; Complet\u00e1 el formulario aqu\u00ed &#x27a1;&#xfe0f; https:\/\/go.unse.edu.ar\/a3d0ee<br \/>\n&#x1f538; Acced\u00e9 a toda la informaci\u00f3n en la p\u00e1gina web &#x1f310;https:\/\/go.unse.edu.ar\/c6aea9<\/p>\n<p>Para mas informaci\u00f3n o consultas:<br \/>\n&#x1f4cc; Secretar\u00eda Acad\u00e9mica &#8211; UNSE<br \/>\n&#x1f4cd; Av. Belgrano (s) 1912<\/p>\n<p>&#x1f4de; Tel\u00e9fono: +54 385 4509500 Interno 1027<\/p>\n<p>&#x1f310; Web: academica.unse.edu.ar<\/p>\n<p>&#x1f4e7; Correo: mayoresde25.unse@gmail.com<\/p>\n","protected":false},"excerpt":{"rendered":"<p>Seg\u00fan lo establece el Art. 7\u00b0 de la Ley de Educaci\u00f3n Superior N\u00b0 24.521\/95, las personas mayores de 25 a\u00f1os que no hayan finalizado el nivel secundario pueden ingresar a&hellip; <\/p>\n","protected":false},"author":1,"featured_media":57999,"comment_status":"closed","ping_status":"closed","sticky":false,"template":"","format":"standard","meta":{"footnotes":""},"categories":[15],"tags":[],"class_list":["post-57998","post","type-post","status-publish","format-standard","has-post-thumbnail","hentry","category-unse"],"_links":{"self":[{"href":"http:\/\/elurbanoweb.com.ar\/diario\/wp-json\/wp\/v2\/posts\/57998","targetHints":{"allow":["GET"]}}],"collection":[{"href":"http:\/\/elurbanoweb.com.ar\/diario\/wp-json\/wp\/v2\/posts"}],"about":[{"href":"http:\/\/elurbanoweb.com.ar\/diario\/wp-json\/wp\/v2\/types\/post"}],"author":[{"embeddable":true,"href":"http:\/\/elurbanoweb.com.ar\/diario\/wp-json\/wp\/v2\/users\/1"}],"replies":[{"embeddable":true,"href":"http:\/\/elurbanoweb.com.ar\/diario\/wp-json\/wp\/v2\/comments?post=57998"}],"version-history":[{"count":1,"href":"http:\/\/elurbanoweb.com.ar\/diario\/wp-json\/wp\/v2\/posts\/57998\/revisions"}],"predecessor-version":[{"id":58000,"href":"http:\/\/elurbanoweb.com.ar\/diario\/wp-json\/wp\/v2\/posts\/57998\/revisions\/58000"}],"wp:featuredmedia":[{"embeddable":true,"href":"http:\/\/elurbanoweb.com.ar\/diario\/wp-json\/wp\/v2\/media\/57999"}],"wp:attachment":[{"href":"http:\/\/elurbanoweb.com.ar\/diario\/wp-json\/wp\/v2\/media?parent=57998"}],"wp:term":[{"taxonomy":"category","embeddable":true,"href":"http:\/\/elurbanoweb.com.ar\/diario\/wp-json\/wp\/v2\/categories?post=57998"},{"taxonomy":"post_tag","embeddable":true,"href":"http:\/\/elurbanoweb.com.ar\/diario\/wp-json\/wp\/v2\/tags?post=57998"}],"curies":[{"name":"wp","href":"https:\/\/api.w.org\/{rel}","templated":true}]}}