{"id":58001,"date":"2025-07-14T22:31:36","date_gmt":"2025-07-15T01:31:36","guid":{"rendered":"https:\/\/elurbanoweb.com.ar\/diario\/?p=58001"},"modified":"2025-07-14T22:31:36","modified_gmt":"2025-07-15T01:31:36","slug":"el-gobernador-zamora-anuncio-el-pago-de-bonos-extraordinarios-para-empleados-provinciales","status":"publish","type":"post","link":"http:\/\/elurbanoweb.com.ar\/diario\/el-gobernador-zamora-anuncio-el-pago-de-bonos-extraordinarios-para-empleados-provinciales\/","title":{"rendered":"El gobernador Zamora anunci\u00f3 el pago de bonos extraordinarios para empleados provinciales"},"content":{"rendered":"<p>El gobernador de la provincia, Dr. Gerardo Zamora, anunci\u00f3 este lunes a trav\u00e9s de sus redes sociales el esquema de pagos de los bonos extraordinarios que hab\u00eda anticipado en su mensaje anual ante la Honorable C\u00e1mara de Diputados, el pasado 27 de abril.<\/p>\n<p><img loading=\"lazy\" decoding=\"async\" class=\"alignnone wp-image-58002 size-large\" src=\"http:\/\/elurbanoweb.com.ar\/diario\/wp-content\/uploads\/2025\/07\/anuncio-1024x734.jpg\" alt=\"\" width=\"1024\" height=\"734\" srcset=\"http:\/\/elurbanoweb.com.ar\/diario\/wp-content\/uploads\/2025\/07\/anuncio-1024x734.jpg 1024w, http:\/\/elurbanoweb.com.ar\/diario\/wp-content\/uploads\/2025\/07\/anuncio-300x215.jpg 300w, http:\/\/elurbanoweb.com.ar\/diario\/wp-content\/uploads\/2025\/07\/anuncio-150x108.jpg 150w, http:\/\/elurbanoweb.com.ar\/diario\/wp-content\/uploads\/2025\/07\/anuncio.jpg 1170w\" sizes=\"auto, (max-width: 1024px) 100vw, 1024px\" \/><\/p>\n<p><!--more--><\/p>\n<p>Durante una reuni\u00f3n mantenida con representantes de la Mesa de Di\u00e1logo y Trabajo, se acordaron los montos y el cronograma de pago de estos beneficios, que alcanzar\u00e1n a los empleados de la administraci\u00f3n p\u00fablica provincial.<\/p>\n<p>Este beneficio tambi\u00e9n alcanzar\u00e1 a los empleados municipales de la n\u00f3mina bancarizada, cuyos intendentes decidan adherirse y no cuenten con los recursos inmediatos. En estos casos, el Gobierno de la Provincia se compromete a financiar los montos correspondientes.<\/p>\n<p>Los bonos establecidos son los siguientes:<\/p>\n<p>&#x1f539; BONO AGUINALDO \u2013 Total: $1.000.000<br \/>\nSe abonar\u00e1 en dos cuotas:<br \/>\n&#x25aa; Viernes 18 de julio: $500.000<br \/>\n&#x25aa; Martes 12 de agosto: $500.000<\/p>\n<p>&#x1f539; BONO DE FIN DE A\u00d1O \u2013 Total: $2.100.000<br \/>\nSe abonar\u00e1 en tres cuotas:<br \/>\n&#x25aa; Martes 21 de octubre: $700.000<br \/>\n&#x25aa; Martes 18 de noviembre: $700.000<br \/>\n&#x25aa; Martes 23 de diciembre: $700.000<\/p>\n<p>Estas sumas extraordinarias est\u00e1n exentas de cualquier tipo de descuento, beneficiando de manera directa y completa a los trabajadores.<\/p>\n","protected":false},"excerpt":{"rendered":"<p>El gobernador de la provincia, Dr. Gerardo Zamora, anunci\u00f3 este lunes a trav\u00e9s de sus redes sociales el esquema de pagos de los bonos extraordinarios que hab\u00eda anticipado en su&hellip; <\/p>\n","protected":false},"author":1,"featured_media":58002,"comment_status":"closed","ping_status":"closed","sticky":false,"template":"","format":"standard","meta":{"footnotes":""},"categories":[2],"tags":[],"class_list":["post-58001","post","type-post","status-publish","format-standard","has-post-thumbnail","hentry","category-gobierno"],"_links":{"self":[{"href":"http:\/\/elurbanoweb.com.ar\/diario\/wp-json\/wp\/v2\/posts\/58001","targetHints":{"allow":["GET"]}}],"collection":[{"href":"http:\/\/elurbanoweb.com.ar\/diario\/wp-json\/wp\/v2\/posts"}],"about":[{"href":"http:\/\/elurbanoweb.com.ar\/diario\/wp-json\/wp\/v2\/types\/post"}],"author":[{"embeddable":true,"href":"http:\/\/elurbanoweb.com.ar\/diario\/wp-json\/wp\/v2\/users\/1"}],"replies":[{"embeddable":true,"href":"http:\/\/elurbanoweb.com.ar\/diario\/wp-json\/wp\/v2\/comments?post=58001"}],"version-history":[{"count":1,"href":"http:\/\/elurbanoweb.com.ar\/diario\/wp-json\/wp\/v2\/posts\/58001\/revisions"}],"predecessor-version":[{"id":58003,"href":"http:\/\/elurbanoweb.com.ar\/diario\/wp-json\/wp\/v2\/posts\/58001\/revisions\/58003"}],"wp:featuredmedia":[{"embeddable":true,"href":"http:\/\/elurbanoweb.com.ar\/diario\/wp-json\/wp\/v2\/media\/58002"}],"wp:attachment":[{"href":"http:\/\/elurbanoweb.com.ar\/diario\/wp-json\/wp\/v2\/media?parent=58001"}],"wp:term":[{"taxonomy":"category","embeddable":true,"href":"http:\/\/elurbanoweb.com.ar\/diario\/wp-json\/wp\/v2\/categories?post=58001"},{"taxonomy":"post_tag","embeddable":true,"href":"http:\/\/elurbanoweb.com.ar\/diario\/wp-json\/wp\/v2\/tags?post=58001"}],"curies":[{"name":"wp","href":"https:\/\/api.w.org\/{rel}","templated":true}]}}