{"id":58004,"date":"2025-07-15T10:31:20","date_gmt":"2025-07-15T13:31:20","guid":{"rendered":"https:\/\/elurbanoweb.com.ar\/diario\/?p=58004"},"modified":"2025-07-15T10:31:20","modified_gmt":"2025-07-15T13:31:20","slug":"alumnos-de-la-secundaria-municipal-recibiran-becas-para-capacitacion-digital-iberoamericana","status":"publish","type":"post","link":"http:\/\/elurbanoweb.com.ar\/diario\/alumnos-de-la-secundaria-municipal-recibiran-becas-para-capacitacion-digital-iberoamericana\/","title":{"rendered":"Alumnos de la Secundaria Municipal recibir\u00e1n becas para capacitaci\u00f3n digital iberoamericana"},"content":{"rendered":"<p>El objetivo es mejorar las oportunidades laborales en sectores de alta demanda como inteligencia artificial, ciberseguridad y desarrollo web.<\/p>\n<p><img loading=\"lazy\" decoding=\"async\" class=\"alignnone wp-image-58005 size-full\" src=\"http:\/\/elurbanoweb.com.ar\/diario\/wp-content\/uploads\/2025\/07\/becas2.jpg\" alt=\"\" width=\"1010\" height=\"567\" srcset=\"http:\/\/elurbanoweb.com.ar\/diario\/wp-content\/uploads\/2025\/07\/becas2.jpg 1010w, http:\/\/elurbanoweb.com.ar\/diario\/wp-content\/uploads\/2025\/07\/becas2-300x168.jpg 300w, http:\/\/elurbanoweb.com.ar\/diario\/wp-content\/uploads\/2025\/07\/becas2-150x84.jpg 150w\" sizes=\"auto, (max-width: 1010px) 100vw, 1010px\" \/><\/p>\n<p><!--more--><\/p>\n<p>Alumnos de la Escuela Secundaria Municipal \u201cAda Nilda Alderete\u201d del barrio Avenida fueron beneficiados por el \u201cPrograma de Capacitaci\u00f3n en Competencias Digitales para J\u00f3venes Iberoamericanos\u201d implementado a trav\u00e9s de Punto Digital y la Secretar\u00eda de Gobierno de la Municipalidad de La Banda.<\/p>\n<p>El curso tiene una duraci\u00f3n de 300 horas, se cursa de manera completamente online y asincr\u00f3nica. El objetivo es mejorar las oportunidades laborales en sectores de alta demanda como inteligencia artificial, ciberseguridad y desarrollo web.<\/p>\n<p>La formaci\u00f3n incluye contenidos t\u00e9cnicos, pr\u00e1cticos y tambi\u00e9n habilidades personales. Desde programaci\u00f3n en Python y gesti\u00f3n de bases de datos con SQL, hasta herramientas de visualizaci\u00f3n como Power BI y desarrollo de aplicaciones full stack con JavaScript y React. Adem\u00e1s, los contenidos abarcan conceptos de cloud computing, nociones clave de ciberseguridad, y habilidades blandas como comunicaci\u00f3n y entrevistas laborales. Todo est\u00e1 dise\u00f1ado para mejorar la empleabilidad de los j\u00f3venes en un entorno laboral cada vez m\u00e1s digital.<\/p>\n<p>En la oportunidad, la directora de la Casa del Bicentenario, Daniela Olivera; la coordinadora de Punto Digital, Sonia Gerez y la rectora de la Escuela Secundaria Municipal, Andrea Navarro, estuvieron presentes en la entrega de las becas a los 12 alumnos beneficiarios.<\/p>\n<p>\u201cConcretamos la entrega de becas internacionales de estudio gratuitas que les permitir\u00e1 a los estudiantes mejorar sus competencias digitales, les permitir\u00e1 abrirse paso dentro del mercado laboral\u201d, indic\u00f3 Olivera.<\/p>\n<p>Por su parte, la rectora de la instituci\u00f3n beneficiada, se\u00f1al\u00f3: \u201cLa importancia de esta entrega para nuestros alumnos y para la instituci\u00f3n es invaluable, no solo en cuanto al aporte pedag\u00f3gico sino tambi\u00e9n porque los estudiantes est\u00e1n accediendo a nuevas formas de capacitarse\u201d.<\/p>\n<p>Finalmente, la coordinadora de Punto Digital, manifest\u00f3: \u201cEn esta oportunidad se est\u00e1n entregando becas gestionadas a trav\u00e9s de Punto Digital y hemos sido elegidos dentro de los que realizamos un mejor trabajo, as\u00ed que lo tomamos como una forma de premiarnos por el permanente trabajo que se realiza en beneficio de los diferentes sectores de la comunidad\u201d.<\/p>\n","protected":false},"excerpt":{"rendered":"<p>El objetivo es mejorar las oportunidades laborales en sectores de alta demanda como inteligencia artificial, ciberseguridad y desarrollo web.<\/p>\n","protected":false},"author":1,"featured_media":58005,"comment_status":"closed","ping_status":"closed","sticky":false,"template":"","format":"standard","meta":{"footnotes":""},"categories":[9],"tags":[],"class_list":["post-58004","post","type-post","status-publish","format-standard","has-post-thumbnail","hentry","category-la-banda"],"_links":{"self":[{"href":"http:\/\/elurbanoweb.com.ar\/diario\/wp-json\/wp\/v2\/posts\/58004","targetHints":{"allow":["GET"]}}],"collection":[{"href":"http:\/\/elurbanoweb.com.ar\/diario\/wp-json\/wp\/v2\/posts"}],"about":[{"href":"http:\/\/elurbanoweb.com.ar\/diario\/wp-json\/wp\/v2\/types\/post"}],"author":[{"embeddable":true,"href":"http:\/\/elurbanoweb.com.ar\/diario\/wp-json\/wp\/v2\/users\/1"}],"replies":[{"embeddable":true,"href":"http:\/\/elurbanoweb.com.ar\/diario\/wp-json\/wp\/v2\/comments?post=58004"}],"version-history":[{"count":1,"href":"http:\/\/elurbanoweb.com.ar\/diario\/wp-json\/wp\/v2\/posts\/58004\/revisions"}],"predecessor-version":[{"id":58006,"href":"http:\/\/elurbanoweb.com.ar\/diario\/wp-json\/wp\/v2\/posts\/58004\/revisions\/58006"}],"wp:featuredmedia":[{"embeddable":true,"href":"http:\/\/elurbanoweb.com.ar\/diario\/wp-json\/wp\/v2\/media\/58005"}],"wp:attachment":[{"href":"http:\/\/elurbanoweb.com.ar\/diario\/wp-json\/wp\/v2\/media?parent=58004"}],"wp:term":[{"taxonomy":"category","embeddable":true,"href":"http:\/\/elurbanoweb.com.ar\/diario\/wp-json\/wp\/v2\/categories?post=58004"},{"taxonomy":"post_tag","embeddable":true,"href":"http:\/\/elurbanoweb.com.ar\/diario\/wp-json\/wp\/v2\/tags?post=58004"}],"curies":[{"name":"wp","href":"https:\/\/api.w.org\/{rel}","templated":true}]}}