{"id":58007,"date":"2025-07-15T10:39:18","date_gmt":"2025-07-15T13:39:18","guid":{"rendered":"https:\/\/elurbanoweb.com.ar\/diario\/?p=58007"},"modified":"2025-07-15T10:39:18","modified_gmt":"2025-07-15T13:39:18","slug":"la-municipalidad-de-la-banda-desarrollo-un-taller-informativo-sobre-zoonosis-para-pacientes-pediatricos-y-adultos","status":"publish","type":"post","link":"http:\/\/elurbanoweb.com.ar\/diario\/la-municipalidad-de-la-banda-desarrollo-un-taller-informativo-sobre-zoonosis-para-pacientes-pediatricos-y-adultos\/","title":{"rendered":"La Municipalidad de La Banda desarroll\u00f3 un taller informativo sobre zoonosis para pacientes pedi\u00e1tricos y adultos"},"content":{"rendered":"<p>En la jornada, se explic\u00f3 qu\u00e9 son las enfermedades zoon\u00f3ticas, c\u00f3mo se transmiten y cu\u00e1les son las medidas necesarias para prevenirlas.<\/p>\n<p><img loading=\"lazy\" decoding=\"async\" class=\"alignnone wp-image-58008 size-full\" src=\"http:\/\/elurbanoweb.com.ar\/diario\/wp-content\/uploads\/2025\/07\/pacientes.jpg\" alt=\"\" width=\"1010\" height=\"567\" srcset=\"http:\/\/elurbanoweb.com.ar\/diario\/wp-content\/uploads\/2025\/07\/pacientes.jpg 1010w, http:\/\/elurbanoweb.com.ar\/diario\/wp-content\/uploads\/2025\/07\/pacientes-300x168.jpg 300w, http:\/\/elurbanoweb.com.ar\/diario\/wp-content\/uploads\/2025\/07\/pacientes-150x84.jpg 150w\" sizes=\"auto, (max-width: 1010px) 100vw, 1010px\" \/><\/p>\n<p><!--more--><\/p>\n<p>En el marco de sus acciones preventivas y de promoci\u00f3n de la salud, la Secretar\u00eda de Salud de la Municipalidad de La Banda llev\u00f3 adelante un taller sobre zoonosis destinado a pacientes pedi\u00e1tricos y adultos en uno de sus centros de atenci\u00f3n primaria.<\/p>\n<p>Durante la jornada, se explic\u00f3 qu\u00e9 son las enfermedades zoon\u00f3ticas, c\u00f3mo se transmiten y cu\u00e1les son las medidas necesarias para prevenirlas. Se destac\u00f3 que las zoonosis son enfermedades infecciosas que pueden transmitirse de animales a humanos a trav\u00e9s del contacto directo, alimentos contaminados, agua o el entorno. Pueden estar provocadas por bacterias, virus, par\u00e1sitos o agentes no convencionales, y representan un desaf\u00edo constante para la salud p\u00fablica debido a la creciente interacci\u00f3n entre personas, animales y medio ambiente.<\/p>\n<p>El secretario de Salud, Dr. Julio C\u00e9sar Scabuzzo, expres\u00f3: \u201cEducar a la comunidad sobre el origen y la prevenci\u00f3n de estas enfermedades es clave para construir entornos m\u00e1s seguros, sobre todo en contextos donde la convivencia con animales es cotidiana\u201d.<\/p>\n<p>Esta actividad forma parte del trabajo sostenido que impulsa la gesti\u00f3n del intendente Roger El\u00edas Nediani, fortaleciendo una salud comunitaria basada en la prevenci\u00f3n, el acceso y el cuidado integral de la poblaci\u00f3n.<\/p>\n","protected":false},"excerpt":{"rendered":"<p>En la jornada, se explic\u00f3 qu\u00e9 son las enfermedades zoon\u00f3ticas, c\u00f3mo se transmiten y cu\u00e1les son las medidas necesarias para prevenirlas.<\/p>\n","protected":false},"author":1,"featured_media":58008,"comment_status":"closed","ping_status":"closed","sticky":false,"template":"","format":"standard","meta":{"footnotes":""},"categories":[9],"tags":[],"class_list":["post-58007","post","type-post","status-publish","format-standard","has-post-thumbnail","hentry","category-la-banda"],"_links":{"self":[{"href":"http:\/\/elurbanoweb.com.ar\/diario\/wp-json\/wp\/v2\/posts\/58007","targetHints":{"allow":["GET"]}}],"collection":[{"href":"http:\/\/elurbanoweb.com.ar\/diario\/wp-json\/wp\/v2\/posts"}],"about":[{"href":"http:\/\/elurbanoweb.com.ar\/diario\/wp-json\/wp\/v2\/types\/post"}],"author":[{"embeddable":true,"href":"http:\/\/elurbanoweb.com.ar\/diario\/wp-json\/wp\/v2\/users\/1"}],"replies":[{"embeddable":true,"href":"http:\/\/elurbanoweb.com.ar\/diario\/wp-json\/wp\/v2\/comments?post=58007"}],"version-history":[{"count":1,"href":"http:\/\/elurbanoweb.com.ar\/diario\/wp-json\/wp\/v2\/posts\/58007\/revisions"}],"predecessor-version":[{"id":58009,"href":"http:\/\/elurbanoweb.com.ar\/diario\/wp-json\/wp\/v2\/posts\/58007\/revisions\/58009"}],"wp:featuredmedia":[{"embeddable":true,"href":"http:\/\/elurbanoweb.com.ar\/diario\/wp-json\/wp\/v2\/media\/58008"}],"wp:attachment":[{"href":"http:\/\/elurbanoweb.com.ar\/diario\/wp-json\/wp\/v2\/media?parent=58007"}],"wp:term":[{"taxonomy":"category","embeddable":true,"href":"http:\/\/elurbanoweb.com.ar\/diario\/wp-json\/wp\/v2\/categories?post=58007"},{"taxonomy":"post_tag","embeddable":true,"href":"http:\/\/elurbanoweb.com.ar\/diario\/wp-json\/wp\/v2\/tags?post=58007"}],"curies":[{"name":"wp","href":"https:\/\/api.w.org\/{rel}","templated":true}]}}