{"id":58010,"date":"2025-07-15T10:40:33","date_gmt":"2025-07-15T13:40:33","guid":{"rendered":"https:\/\/elurbanoweb.com.ar\/diario\/?p=58010"},"modified":"2025-07-15T10:40:33","modified_gmt":"2025-07-15T13:40:33","slug":"la-municipalidad-organizara-un-taller-gratuito-de-folclore-en-la-plaza-libertad","status":"publish","type":"post","link":"http:\/\/elurbanoweb.com.ar\/diario\/la-municipalidad-organizara-un-taller-gratuito-de-folclore-en-la-plaza-libertad\/","title":{"rendered":"La Municipalidad organizar\u00e1 un taller gratuito de folclore en la Plaza Libertad"},"content":{"rendered":"<p>Los mi\u00e9rcoles 16, 23 y 30 de julio, de 16 a 17 horas, se realizar\u00e1 el taller gratuito de folclore \u00ab\u00a1Vengan todos a bailar!\u00bb en la plaza Libertad, organizado por la Municipalidad de la Capital a trav\u00e9s del Centro de Educaci\u00f3n para el Arte.<\/p>\n<p><img loading=\"lazy\" decoding=\"async\" class=\"alignnone wp-image-58011 size-large\" src=\"http:\/\/elurbanoweb.com.ar\/diario\/wp-content\/uploads\/2025\/07\/bailan-767x1024.jpg\" alt=\"\" width=\"767\" height=\"1024\" srcset=\"http:\/\/elurbanoweb.com.ar\/diario\/wp-content\/uploads\/2025\/07\/bailan-767x1024.jpg 767w, http:\/\/elurbanoweb.com.ar\/diario\/wp-content\/uploads\/2025\/07\/bailan-225x300.jpg 225w, http:\/\/elurbanoweb.com.ar\/diario\/wp-content\/uploads\/2025\/07\/bailan-112x150.jpg 112w, http:\/\/elurbanoweb.com.ar\/diario\/wp-content\/uploads\/2025\/07\/bailan.jpg 1080w\" sizes=\"auto, (max-width: 767px) 100vw, 767px\" \/><\/p>\n<p><!--more-->A cargo de los profesores Miguel Serrano y Laura Muzzi, la iniciativa busca promover la m\u00fasica y la danza tradicional como espacios de encuentro comunitario, en una convocatoria abierta a todo p\u00fablico.<\/p>\n<p>Se trata de una nueva actividad impulsada por el municipio para fortalecer el acceso de los vecinos y los turistas a expresiones art\u00edsticas santiague\u00f1as, en el marco de las celebraciones por el 472\u00b0 aniversario de la Madre de Ciudades.<\/p>\n","protected":false},"excerpt":{"rendered":"<p>Los mi\u00e9rcoles 16, 23 y 30 de julio, de 16 a 17 horas, se realizar\u00e1 el taller gratuito de folclore \u00ab\u00a1Vengan todos a bailar!\u00bb en la plaza Libertad, organizado por&hellip; <\/p>\n","protected":false},"author":1,"featured_media":58011,"comment_status":"closed","ping_status":"closed","sticky":false,"template":"","format":"standard","meta":{"footnotes":""},"categories":[3],"tags":[],"class_list":["post-58010","post","type-post","status-publish","format-standard","has-post-thumbnail","hentry","category-municipio"],"_links":{"self":[{"href":"http:\/\/elurbanoweb.com.ar\/diario\/wp-json\/wp\/v2\/posts\/58010","targetHints":{"allow":["GET"]}}],"collection":[{"href":"http:\/\/elurbanoweb.com.ar\/diario\/wp-json\/wp\/v2\/posts"}],"about":[{"href":"http:\/\/elurbanoweb.com.ar\/diario\/wp-json\/wp\/v2\/types\/post"}],"author":[{"embeddable":true,"href":"http:\/\/elurbanoweb.com.ar\/diario\/wp-json\/wp\/v2\/users\/1"}],"replies":[{"embeddable":true,"href":"http:\/\/elurbanoweb.com.ar\/diario\/wp-json\/wp\/v2\/comments?post=58010"}],"version-history":[{"count":1,"href":"http:\/\/elurbanoweb.com.ar\/diario\/wp-json\/wp\/v2\/posts\/58010\/revisions"}],"predecessor-version":[{"id":58012,"href":"http:\/\/elurbanoweb.com.ar\/diario\/wp-json\/wp\/v2\/posts\/58010\/revisions\/58012"}],"wp:featuredmedia":[{"embeddable":true,"href":"http:\/\/elurbanoweb.com.ar\/diario\/wp-json\/wp\/v2\/media\/58011"}],"wp:attachment":[{"href":"http:\/\/elurbanoweb.com.ar\/diario\/wp-json\/wp\/v2\/media?parent=58010"}],"wp:term":[{"taxonomy":"category","embeddable":true,"href":"http:\/\/elurbanoweb.com.ar\/diario\/wp-json\/wp\/v2\/categories?post=58010"},{"taxonomy":"post_tag","embeddable":true,"href":"http:\/\/elurbanoweb.com.ar\/diario\/wp-json\/wp\/v2\/tags?post=58010"}],"curies":[{"name":"wp","href":"https:\/\/api.w.org\/{rel}","templated":true}]}}