{"id":58014,"date":"2025-07-15T10:43:50","date_gmt":"2025-07-15T13:43:50","guid":{"rendered":"https:\/\/elurbanoweb.com.ar\/diario\/?p=58014"},"modified":"2025-07-15T10:43:50","modified_gmt":"2025-07-15T13:43:50","slug":"la-casa-de-la-poesia-y-la-cultura-betty-alba-distinguio-a-nuevos-custodios-de-la-poesia","status":"publish","type":"post","link":"http:\/\/elurbanoweb.com.ar\/diario\/la-casa-de-la-poesia-y-la-cultura-betty-alba-distinguio-a-nuevos-custodios-de-la-poesia\/","title":{"rendered":"La Casa de la Poes\u00eda y la Cultura Betty Alba distingui\u00f3 a nuevos \u00abCustodios de la Poes\u00eda\u00bb"},"content":{"rendered":"<p>Se realiz\u00f3 el acto de distinci\u00f3n de los Custodios de la Poes\u00eda 2025, una ceremonia que reafirma el compromiso con la palabra po\u00e9tica y la cultura.<\/p>\n<p><img loading=\"lazy\" decoding=\"async\" class=\"alignnone wp-image-58015 size-large\" src=\"http:\/\/elurbanoweb.com.ar\/diario\/wp-content\/uploads\/2025\/07\/poesia1-1024x1024.jpg\" alt=\"\" width=\"1024\" height=\"1024\" srcset=\"http:\/\/elurbanoweb.com.ar\/diario\/wp-content\/uploads\/2025\/07\/poesia1-1024x1024.jpg 1024w, http:\/\/elurbanoweb.com.ar\/diario\/wp-content\/uploads\/2025\/07\/poesia1-300x300.jpg 300w, http:\/\/elurbanoweb.com.ar\/diario\/wp-content\/uploads\/2025\/07\/poesia1-150x150.jpg 150w, http:\/\/elurbanoweb.com.ar\/diario\/wp-content\/uploads\/2025\/07\/poesia1.jpg 1512w\" sizes=\"auto, (max-width: 1024px) 100vw, 1024px\" \/><\/p>\n<p><!--more-->Durante el encuentro, se hizo entrega de distinciones y atributos a poetas santiague\u00f1os reconocidos por su trayectoria y su aporte a la cultura local. Entre ellos se encuentros los destacados poetas: V\u00edctor Hugo Ledesma, Nancy Gim\u00e9nez, Cristina Nelly Ag\u00fcero y Carola Santucho.<\/p>\n<p>Estuvieron presentes el rector de la UNSE, Ing. Hector Paz; la coordinadora de la casa de poesia, Sandra Lopez; el Grupo de Custodios de la Poes\u00eda, integrado por Cielo Alcaide, Nieves Teresita Maldonado, Norma Sayago y Zaida Ju\u00e1rez, de quienes estuvo a cargo esta ceremonia.<\/p>\n<p><img loading=\"lazy\" decoding=\"async\" class=\"alignnone wp-image-58016 size-large\" src=\"http:\/\/elurbanoweb.com.ar\/diario\/wp-content\/uploads\/2025\/07\/poesia-1024x768.jpg\" alt=\"\" width=\"1024\" height=\"768\" srcset=\"http:\/\/elurbanoweb.com.ar\/diario\/wp-content\/uploads\/2025\/07\/poesia-1024x768.jpg 1024w, http:\/\/elurbanoweb.com.ar\/diario\/wp-content\/uploads\/2025\/07\/poesia-300x225.jpg 300w, http:\/\/elurbanoweb.com.ar\/diario\/wp-content\/uploads\/2025\/07\/poesia-150x113.jpg 150w, http:\/\/elurbanoweb.com.ar\/diario\/wp-content\/uploads\/2025\/07\/poesia.jpg 1280w\" sizes=\"auto, (max-width: 1024px) 100vw, 1024px\" \/><\/p>\n<p>La jornada concluy\u00f3 con una tertulia poetica y musical, que reuni\u00f3 a artistas, estudiantes y p\u00fablico en general en un espacio de encuentro, reflexi\u00f3n y celebraci\u00f3n de la poes\u00eda.<\/p>\n","protected":false},"excerpt":{"rendered":"<p>Se realiz\u00f3 el acto de distinci\u00f3n de los Custodios de la Poes\u00eda 2025, una ceremonia que reafirma el compromiso con la palabra po\u00e9tica y la cultura.<\/p>\n","protected":false},"author":1,"featured_media":58015,"comment_status":"closed","ping_status":"closed","sticky":false,"template":"","format":"standard","meta":{"footnotes":""},"categories":[15],"tags":[],"class_list":["post-58014","post","type-post","status-publish","format-standard","has-post-thumbnail","hentry","category-unse"],"_links":{"self":[{"href":"http:\/\/elurbanoweb.com.ar\/diario\/wp-json\/wp\/v2\/posts\/58014","targetHints":{"allow":["GET"]}}],"collection":[{"href":"http:\/\/elurbanoweb.com.ar\/diario\/wp-json\/wp\/v2\/posts"}],"about":[{"href":"http:\/\/elurbanoweb.com.ar\/diario\/wp-json\/wp\/v2\/types\/post"}],"author":[{"embeddable":true,"href":"http:\/\/elurbanoweb.com.ar\/diario\/wp-json\/wp\/v2\/users\/1"}],"replies":[{"embeddable":true,"href":"http:\/\/elurbanoweb.com.ar\/diario\/wp-json\/wp\/v2\/comments?post=58014"}],"version-history":[{"count":1,"href":"http:\/\/elurbanoweb.com.ar\/diario\/wp-json\/wp\/v2\/posts\/58014\/revisions"}],"predecessor-version":[{"id":58017,"href":"http:\/\/elurbanoweb.com.ar\/diario\/wp-json\/wp\/v2\/posts\/58014\/revisions\/58017"}],"wp:featuredmedia":[{"embeddable":true,"href":"http:\/\/elurbanoweb.com.ar\/diario\/wp-json\/wp\/v2\/media\/58015"}],"wp:attachment":[{"href":"http:\/\/elurbanoweb.com.ar\/diario\/wp-json\/wp\/v2\/media?parent=58014"}],"wp:term":[{"taxonomy":"category","embeddable":true,"href":"http:\/\/elurbanoweb.com.ar\/diario\/wp-json\/wp\/v2\/categories?post=58014"},{"taxonomy":"post_tag","embeddable":true,"href":"http:\/\/elurbanoweb.com.ar\/diario\/wp-json\/wp\/v2\/tags?post=58014"}],"curies":[{"name":"wp","href":"https:\/\/api.w.org\/{rel}","templated":true}]}}