{"id":58018,"date":"2025-07-15T10:45:14","date_gmt":"2025-07-15T13:45:14","guid":{"rendered":"https:\/\/elurbanoweb.com.ar\/diario\/?p=58018"},"modified":"2025-07-15T10:45:14","modified_gmt":"2025-07-15T13:45:14","slug":"la-banda-realizara-una-nueva-edicion-de-la-campana-entornos-saludables","status":"publish","type":"post","link":"http:\/\/elurbanoweb.com.ar\/diario\/la-banda-realizara-una-nueva-edicion-de-la-campana-entornos-saludables\/","title":{"rendered":"La Banda realizar\u00e1 una nueva edici\u00f3n de la campa\u00f1a \u201cEntornos Saludables\u201d"},"content":{"rendered":"<p>La Secretar\u00eda de Servicios P\u00fablicos y la Secretar\u00eda de Salud de la Municipalidad de La Banda realizar\u00e1n un nuevo operativo en el marco de la campa\u00f1a \u201cEntornos Saludables\u201d, una iniciativa pensada para intensificar las acciones de prevenci\u00f3n contra el Dengue, fortaleciendo la participaci\u00f3n de los vecinos y promoviendo h\u00e1bitos saludables para mantener la ciudad libre de esta enfermedad.<\/p>\n<p><img loading=\"lazy\" decoding=\"async\" class=\"alignnone wp-image-58019 size-full\" src=\"http:\/\/elurbanoweb.com.ar\/diario\/wp-content\/uploads\/2025\/07\/fumi1.jpg\" alt=\"\" width=\"1010\" height=\"567\" srcset=\"http:\/\/elurbanoweb.com.ar\/diario\/wp-content\/uploads\/2025\/07\/fumi1.jpg 1010w, http:\/\/elurbanoweb.com.ar\/diario\/wp-content\/uploads\/2025\/07\/fumi1-300x168.jpg 300w, http:\/\/elurbanoweb.com.ar\/diario\/wp-content\/uploads\/2025\/07\/fumi1-150x84.jpg 150w\" sizes=\"auto, (max-width: 1010px) 100vw, 1010px\" \/><\/p>\n<p><!--more--><\/p>\n<p>La misma tendr\u00e1 su punto de encuentro en las instalaciones del Centro Atenci\u00f3n M\u00e9dica Municipal (CAMM) N\u00b0 1 del barrio Tabla Redonda el mi\u00e9rcoles 16 a partir de las 9.<\/p>\n<p>Al respecto, desde la Secretar\u00eda de Servicios P\u00fablicos se destac\u00f3 la importancia del operativo que garantiza la continuidad del trabajo que se realiza junto a los vecinos durante los 365 d\u00edas del a\u00f1o. El objetivo es intensificar la concientizaci\u00f3n para que cada vecino descarte todos los elementos en desuso que pueda tener en su domicilio y que favorezcan la proliferaci\u00f3n del mosquito Aedes Aegypti. Al desmalezamiento y la fumigaci\u00f3n que se desarrolla permanentemente, se le suma esta estrategia de contacto directo para garantizar entornos saludables\u201d.<\/p>\n<p>Asimismo, se puntualiz\u00f3 que la acci\u00f3n va m\u00e1s all\u00e1 de la fumigaci\u00f3n y la limpieza ya que se busca construir h\u00e1bitos para la prevenci\u00f3n visitando casa por casa para concientizar y fomentar h\u00e1bitos saludables en cada familia.<\/p>\n<p>De igual manera se inform\u00f3 que desde el Centro de Sanidad Animal se colocar\u00e1 de manera gratuita la vacuna antirr\u00e1bica a perros y gatos mayores a los tres meses de vida y desparasitaciones en general.<\/p>\n","protected":false},"excerpt":{"rendered":"<p>La Secretar\u00eda de Servicios P\u00fablicos y la Secretar\u00eda de Salud de la Municipalidad de La Banda realizar\u00e1n un nuevo operativo en el marco de la campa\u00f1a \u201cEntornos Saludables\u201d, una iniciativa&hellip; <\/p>\n","protected":false},"author":1,"featured_media":58019,"comment_status":"closed","ping_status":"closed","sticky":false,"template":"","format":"standard","meta":{"footnotes":""},"categories":[9],"tags":[],"class_list":["post-58018","post","type-post","status-publish","format-standard","has-post-thumbnail","hentry","category-la-banda"],"_links":{"self":[{"href":"http:\/\/elurbanoweb.com.ar\/diario\/wp-json\/wp\/v2\/posts\/58018","targetHints":{"allow":["GET"]}}],"collection":[{"href":"http:\/\/elurbanoweb.com.ar\/diario\/wp-json\/wp\/v2\/posts"}],"about":[{"href":"http:\/\/elurbanoweb.com.ar\/diario\/wp-json\/wp\/v2\/types\/post"}],"author":[{"embeddable":true,"href":"http:\/\/elurbanoweb.com.ar\/diario\/wp-json\/wp\/v2\/users\/1"}],"replies":[{"embeddable":true,"href":"http:\/\/elurbanoweb.com.ar\/diario\/wp-json\/wp\/v2\/comments?post=58018"}],"version-history":[{"count":1,"href":"http:\/\/elurbanoweb.com.ar\/diario\/wp-json\/wp\/v2\/posts\/58018\/revisions"}],"predecessor-version":[{"id":58020,"href":"http:\/\/elurbanoweb.com.ar\/diario\/wp-json\/wp\/v2\/posts\/58018\/revisions\/58020"}],"wp:featuredmedia":[{"embeddable":true,"href":"http:\/\/elurbanoweb.com.ar\/diario\/wp-json\/wp\/v2\/media\/58019"}],"wp:attachment":[{"href":"http:\/\/elurbanoweb.com.ar\/diario\/wp-json\/wp\/v2\/media?parent=58018"}],"wp:term":[{"taxonomy":"category","embeddable":true,"href":"http:\/\/elurbanoweb.com.ar\/diario\/wp-json\/wp\/v2\/categories?post=58018"},{"taxonomy":"post_tag","embeddable":true,"href":"http:\/\/elurbanoweb.com.ar\/diario\/wp-json\/wp\/v2\/tags?post=58018"}],"curies":[{"name":"wp","href":"https:\/\/api.w.org\/{rel}","templated":true}]}}