{"id":58021,"date":"2025-07-15T10:46:19","date_gmt":"2025-07-15T13:46:19","guid":{"rendered":"https:\/\/elurbanoweb.com.ar\/diario\/?p=58021"},"modified":"2025-07-15T10:46:19","modified_gmt":"2025-07-15T13:46:19","slug":"la-intendente-fuentes-recibio-a-los-ganadores-de-la-tercera-fecha-del-argentino-de-bmx-los-hermanos-luna","status":"publish","type":"post","link":"http:\/\/elurbanoweb.com.ar\/diario\/la-intendente-fuentes-recibio-a-los-ganadores-de-la-tercera-fecha-del-argentino-de-bmx-los-hermanos-luna\/","title":{"rendered":"La intendente Fuentes recibi\u00f3 a los ganadores de la tercera fecha del Argentino de Bmx los hermanos Luna"},"content":{"rendered":"<p>La intendente de la Capital, Ing. Norma Fuentes, recibi\u00f3 la visita de los hermanos ciclistas Pablo y Valentino Luna, quienes obtuvieron el primer puesto en la tercera fecha del Campeonato Argentino de BMX.<\/p>\n<p><img loading=\"lazy\" decoding=\"async\" class=\"alignnone wp-image-58022 size-large\" src=\"http:\/\/elurbanoweb.com.ar\/diario\/wp-content\/uploads\/2025\/07\/luna-1024x682.jpg\" alt=\"\" width=\"1024\" height=\"682\" srcset=\"http:\/\/elurbanoweb.com.ar\/diario\/wp-content\/uploads\/2025\/07\/luna-1024x682.jpg 1024w, http:\/\/elurbanoweb.com.ar\/diario\/wp-content\/uploads\/2025\/07\/luna-300x200.jpg 300w, http:\/\/elurbanoweb.com.ar\/diario\/wp-content\/uploads\/2025\/07\/luna-150x100.jpg 150w, http:\/\/elurbanoweb.com.ar\/diario\/wp-content\/uploads\/2025\/07\/luna-1536x1023.jpg 1536w, http:\/\/elurbanoweb.com.ar\/diario\/wp-content\/uploads\/2025\/07\/luna.jpg 1600w\" sizes=\"auto, (max-width: 1024px) 100vw, 1024px\" \/><\/p>\n<p><!--more--> La j\u00f3venes santiague\u00f1os, de 12 y 9 a\u00f1os respectivamente, integran la Asociaci\u00f3n Santiague\u00f1a de Bicicross ASABI y asistieron al Sal\u00f3n de Acuerdos del palacio municipal acompa\u00f1ados por su padre, Pablo Luna.<\/p>\n<p>Durante el encuentro, los corredores le agradecieron a la jefa comunal por el c\u00e1lido recibimiento y por el permanente apoyo del municipio al deporte local.<\/p>\n<p>Por su parte, la Ing. Fuentes destac\u00f3 la necesidad de incentivar la pr\u00e1ctica deportiva en los j\u00f3venes, \u00abdifundiendo esta disciplina que crece cada vez m\u00e1s en la ciudad\u00bb.<\/p>\n","protected":false},"excerpt":{"rendered":"<p>La intendente de la Capital, Ing. Norma Fuentes, recibi\u00f3 la visita de los hermanos ciclistas Pablo y Valentino Luna, quienes obtuvieron el primer puesto en la tercera fecha del Campeonato&hellip; <\/p>\n","protected":false},"author":1,"featured_media":58022,"comment_status":"closed","ping_status":"closed","sticky":false,"template":"","format":"standard","meta":{"footnotes":""},"categories":[3],"tags":[],"class_list":["post-58021","post","type-post","status-publish","format-standard","has-post-thumbnail","hentry","category-municipio"],"_links":{"self":[{"href":"http:\/\/elurbanoweb.com.ar\/diario\/wp-json\/wp\/v2\/posts\/58021","targetHints":{"allow":["GET"]}}],"collection":[{"href":"http:\/\/elurbanoweb.com.ar\/diario\/wp-json\/wp\/v2\/posts"}],"about":[{"href":"http:\/\/elurbanoweb.com.ar\/diario\/wp-json\/wp\/v2\/types\/post"}],"author":[{"embeddable":true,"href":"http:\/\/elurbanoweb.com.ar\/diario\/wp-json\/wp\/v2\/users\/1"}],"replies":[{"embeddable":true,"href":"http:\/\/elurbanoweb.com.ar\/diario\/wp-json\/wp\/v2\/comments?post=58021"}],"version-history":[{"count":1,"href":"http:\/\/elurbanoweb.com.ar\/diario\/wp-json\/wp\/v2\/posts\/58021\/revisions"}],"predecessor-version":[{"id":58023,"href":"http:\/\/elurbanoweb.com.ar\/diario\/wp-json\/wp\/v2\/posts\/58021\/revisions\/58023"}],"wp:featuredmedia":[{"embeddable":true,"href":"http:\/\/elurbanoweb.com.ar\/diario\/wp-json\/wp\/v2\/media\/58022"}],"wp:attachment":[{"href":"http:\/\/elurbanoweb.com.ar\/diario\/wp-json\/wp\/v2\/media?parent=58021"}],"wp:term":[{"taxonomy":"category","embeddable":true,"href":"http:\/\/elurbanoweb.com.ar\/diario\/wp-json\/wp\/v2\/categories?post=58021"},{"taxonomy":"post_tag","embeddable":true,"href":"http:\/\/elurbanoweb.com.ar\/diario\/wp-json\/wp\/v2\/tags?post=58021"}],"curies":[{"name":"wp","href":"https:\/\/api.w.org\/{rel}","templated":true}]}}