{"id":58030,"date":"2025-07-15T10:50:47","date_gmt":"2025-07-15T13:50:47","guid":{"rendered":"https:\/\/elurbanoweb.com.ar\/diario\/?p=58030"},"modified":"2025-07-15T10:50:47","modified_gmt":"2025-07-15T13:50:47","slug":"elecciones-unse-el-frente-unidad-universitaria-presento-sus-propuestas","status":"publish","type":"post","link":"http:\/\/elurbanoweb.com.ar\/diario\/elecciones-unse-el-frente-unidad-universitaria-presento-sus-propuestas\/","title":{"rendered":"Elecciones UNSE: el Frente Unidad Universitaria present\u00f3 sus propuestas"},"content":{"rendered":"<p>Santiago Com\u00e1n y Marcela Terribile, candidatos a rector y vicerrectora de la UNSE en las pr\u00f3ximas elecciones de esa casa de altos estudios, dialogaron con Radio Panorama.<\/p>\n<p><img loading=\"lazy\" decoding=\"async\" class=\"alignnone wp-image-58031 size-full\" src=\"http:\/\/elurbanoweb.com.ar\/diario\/wp-content\/uploads\/2025\/07\/candidatos.jpg\" alt=\"\" width=\"1010\" height=\"567\" srcset=\"http:\/\/elurbanoweb.com.ar\/diario\/wp-content\/uploads\/2025\/07\/candidatos.jpg 1010w, http:\/\/elurbanoweb.com.ar\/diario\/wp-content\/uploads\/2025\/07\/candidatos-300x168.jpg 300w, http:\/\/elurbanoweb.com.ar\/diario\/wp-content\/uploads\/2025\/07\/candidatos-150x84.jpg 150w\" sizes=\"auto, (max-width: 1010px) 100vw, 1010px\" \/><\/p>\n<p><!--more--><\/p>\n<p>La Universidad Nacional de Santiago del Estero (UNSE) se prepara para una jornada clave: el pr\u00f3ximo 5 de noviembre se llevar\u00e1n a cabo las elecciones de autoridades que definir\u00e1n el rumbo institucional de la casa de estudios. En este contexto, el Frente Unidad Universitaria presenta como candidatos a Santiago Com\u00e1n (rector) y Marcela Terribile (vicerectora), quienes dialogaron con Radio Panorama sobre su propuesta.<\/p>\n<p>\u201cPudimos construir colectivamente un espacio con docentes, no docentes y estudiantes. Queremos recuperar la esperanza en nuestra universidad, que hoy est\u00e1 en un evidente declive\u201d, sostuvo Com\u00e1n.<\/p>\n<p>El candidato remarc\u00f3 problemas estructurales como la falta de regularizaci\u00f3n y estabilidad del personal docente, el reclamo del sector no docente por una carrera administrativa, y la ausencia de infraestructura b\u00e1sica.<\/p>\n<p>\u201cTenemos un problema grave de aulas, laboratorios y nuevas tecnolog\u00edas. Somos la \u00fanica universidad del pa\u00eds que cort\u00f3 servicios esenciales como el agua, los tel\u00e9fonos, el papel higi\u00e9nico y el jab\u00f3n. Hoy la UNSE no tiene ba\u00f1os en condiciones, y su polideportivo est\u00e1 abandonado y en ruinas\u201d, denunci\u00f3.<\/p>\n<p>En ese marco, cuestion\u00f3 c\u00f3mo se puede pensar en un modelo universitario acorde a los tiempos actuales. \u201c\u00bfC\u00f3mo podemos entrar en la cuarta revoluci\u00f3n industrial si no tenemos conexi\u00f3n a internet? \u00bfC\u00f3mo podemos reinsertarnos en la econom\u00eda del conocimiento con estas condiciones?\u201d, se pregunt\u00f3.<\/p>\n<p>Com\u00e1n tambi\u00e9n reflexion\u00f3 sobre la p\u00e9rdida de calidad acad\u00e9mica y la falta de concursos regulares. \u201cTenemos que recuperar la alegr\u00eda universitaria. Volver a respetar las normas, garantizar la seguridad jur\u00eddica y asegurar que los docentes puedan acceder a concursos sin renunciar a su cargo de origen\u201d, indic\u00f3.<\/p>\n<p>Por su parte, Marcela Terribile remarc\u00f3 la importancia de un enfoque integral que contemple las necesidades de todos los claustros. \u201cVotan todos los claustros que cumplan los requisitos. Los estudiantes nos plantean problemas muy concretos, como los largos tiempos para obtener t\u00edtulos o certificados, que son fundamentales para seguir estudiando o buscar empleo\u201d, se\u00f1al\u00f3.<\/p>\n<p>Tambi\u00e9n destac\u00f3 la necesidad de repensar el sistema de becas, diferenciando entre la asistencia directa y las becas acad\u00e9micas con una fuerte base de justicia social. Adem\u00e1s, subray\u00f3 las dificultades de los estudiantes del interior.<\/p>\n<p>\u201cMuchos chicos pasan todo el d\u00eda en la universidad porque vienen del interior. Necesitan un comedor universitario en funcionamiento y un polideportivo en condiciones. Tambi\u00e9n hay que pensar en quienes reci\u00e9n egresan de la secundaria y no logran ingresar al sistema universitario: el acompa\u00f1amiento es fundamental\u201d, cerr\u00f3.<\/p>\n","protected":false},"excerpt":{"rendered":"<p>Santiago Com\u00e1n y Marcela Terribile, candidatos a rector y vicerrectora de la UNSE en las pr\u00f3ximas elecciones de esa casa de altos estudios, dialogaron con Radio Panorama.<\/p>\n","protected":false},"author":1,"featured_media":58031,"comment_status":"closed","ping_status":"closed","sticky":false,"template":"","format":"standard","meta":{"footnotes":""},"categories":[15],"tags":[],"class_list":["post-58030","post","type-post","status-publish","format-standard","has-post-thumbnail","hentry","category-unse"],"_links":{"self":[{"href":"http:\/\/elurbanoweb.com.ar\/diario\/wp-json\/wp\/v2\/posts\/58030","targetHints":{"allow":["GET"]}}],"collection":[{"href":"http:\/\/elurbanoweb.com.ar\/diario\/wp-json\/wp\/v2\/posts"}],"about":[{"href":"http:\/\/elurbanoweb.com.ar\/diario\/wp-json\/wp\/v2\/types\/post"}],"author":[{"embeddable":true,"href":"http:\/\/elurbanoweb.com.ar\/diario\/wp-json\/wp\/v2\/users\/1"}],"replies":[{"embeddable":true,"href":"http:\/\/elurbanoweb.com.ar\/diario\/wp-json\/wp\/v2\/comments?post=58030"}],"version-history":[{"count":1,"href":"http:\/\/elurbanoweb.com.ar\/diario\/wp-json\/wp\/v2\/posts\/58030\/revisions"}],"predecessor-version":[{"id":58032,"href":"http:\/\/elurbanoweb.com.ar\/diario\/wp-json\/wp\/v2\/posts\/58030\/revisions\/58032"}],"wp:featuredmedia":[{"embeddable":true,"href":"http:\/\/elurbanoweb.com.ar\/diario\/wp-json\/wp\/v2\/media\/58031"}],"wp:attachment":[{"href":"http:\/\/elurbanoweb.com.ar\/diario\/wp-json\/wp\/v2\/media?parent=58030"}],"wp:term":[{"taxonomy":"category","embeddable":true,"href":"http:\/\/elurbanoweb.com.ar\/diario\/wp-json\/wp\/v2\/categories?post=58030"},{"taxonomy":"post_tag","embeddable":true,"href":"http:\/\/elurbanoweb.com.ar\/diario\/wp-json\/wp\/v2\/tags?post=58030"}],"curies":[{"name":"wp","href":"https:\/\/api.w.org\/{rel}","templated":true}]}}