{"id":58033,"date":"2025-07-15T10:52:16","date_gmt":"2025-07-15T13:52:16","guid":{"rendered":"https:\/\/elurbanoweb.com.ar\/diario\/?p=58033"},"modified":"2025-07-15T10:52:16","modified_gmt":"2025-07-15T13:52:16","slug":"la-municipalidad-habilito-el-cruce-de-colon-y-formosa","status":"publish","type":"post","link":"http:\/\/elurbanoweb.com.ar\/diario\/la-municipalidad-habilito-el-cruce-de-colon-y-formosa\/","title":{"rendered":"La Municipalidad habilit\u00f3 el cruce de Col\u00f3n y Formosa"},"content":{"rendered":"<p>En virtud del avance de la obra de repavimentaci\u00f3n de la avenida Col\u00f3n, se habilit\u00f3 el paso de veh\u00edculos en el cruce con calle Formosa, normalizando de esta manera el tr\u00e1nsito en el tramo comprendido entre Alvarado y Antenor \u00c1lvarez, en las calzadas este y oeste.<\/p>\n<p><img loading=\"lazy\" decoding=\"async\" class=\"alignnone wp-image-58034 size-large\" src=\"http:\/\/elurbanoweb.com.ar\/diario\/wp-content\/uploads\/2025\/07\/colon1-1024x576.jpg\" alt=\"\" width=\"1024\" height=\"576\" srcset=\"http:\/\/elurbanoweb.com.ar\/diario\/wp-content\/uploads\/2025\/07\/colon1-1024x576.jpg 1024w, http:\/\/elurbanoweb.com.ar\/diario\/wp-content\/uploads\/2025\/07\/colon1-300x169.jpg 300w, http:\/\/elurbanoweb.com.ar\/diario\/wp-content\/uploads\/2025\/07\/colon1-150x84.jpg 150w, http:\/\/elurbanoweb.com.ar\/diario\/wp-content\/uploads\/2025\/07\/colon1-1536x864.jpg 1536w, http:\/\/elurbanoweb.com.ar\/diario\/wp-content\/uploads\/2025\/07\/colon1.jpg 1599w\" sizes=\"auto, (max-width: 1024px) 100vw, 1024px\" \/><\/p>\n<p><!--more--> As\u00ed, los colectivos que circulan por la zona retomaron su recorrido habitual, pasando la l\u00ednea 118 desde Rivadavia hasta Formosa y la l\u00ednea 119 desde Rivadavia hasta Antenor \u00c1lvarez, que se suman a las l\u00edneas 114 y 116 que normalizaron su recorrido con anterioridad.<\/p>\n<p>Cabe recordar que la avenida Col\u00f3n se ven\u00eda habilitando al tr\u00e1nsito de forma parcial por tramos, a los fines de afectar lo menos posible el desplazamiento vehicular, con desv\u00edos y cortes en sectores puntuales.<\/p>\n<p>La importante obra consisti\u00f3 en la construcci\u00f3n de una nueva superficie de rodamiento en un tramo de 1200 metros de extensi\u00f3n. Adem\u00e1s, se colocaron rampas en todas las intersecciones.<\/p>\n<p>De esta forma, contin\u00faan las tareas de ampliaci\u00f3n en el trayecto de m\u00e1s de 200 metros de extensi\u00f3n que va desde Antenor \u00c1lvarez hasta Lugones que, por pedido de los vecinos y comerciantes de la zona<\/p>\n","protected":false},"excerpt":{"rendered":"<p>En virtud del avance de la obra de repavimentaci\u00f3n de la avenida Col\u00f3n, se habilit\u00f3 el paso de veh\u00edculos en el cruce con calle Formosa, normalizando de esta manera el&hellip; <\/p>\n","protected":false},"author":1,"featured_media":58034,"comment_status":"closed","ping_status":"closed","sticky":false,"template":"","format":"standard","meta":{"footnotes":""},"categories":[3],"tags":[],"class_list":["post-58033","post","type-post","status-publish","format-standard","has-post-thumbnail","hentry","category-municipio"],"_links":{"self":[{"href":"http:\/\/elurbanoweb.com.ar\/diario\/wp-json\/wp\/v2\/posts\/58033","targetHints":{"allow":["GET"]}}],"collection":[{"href":"http:\/\/elurbanoweb.com.ar\/diario\/wp-json\/wp\/v2\/posts"}],"about":[{"href":"http:\/\/elurbanoweb.com.ar\/diario\/wp-json\/wp\/v2\/types\/post"}],"author":[{"embeddable":true,"href":"http:\/\/elurbanoweb.com.ar\/diario\/wp-json\/wp\/v2\/users\/1"}],"replies":[{"embeddable":true,"href":"http:\/\/elurbanoweb.com.ar\/diario\/wp-json\/wp\/v2\/comments?post=58033"}],"version-history":[{"count":1,"href":"http:\/\/elurbanoweb.com.ar\/diario\/wp-json\/wp\/v2\/posts\/58033\/revisions"}],"predecessor-version":[{"id":58035,"href":"http:\/\/elurbanoweb.com.ar\/diario\/wp-json\/wp\/v2\/posts\/58033\/revisions\/58035"}],"wp:featuredmedia":[{"embeddable":true,"href":"http:\/\/elurbanoweb.com.ar\/diario\/wp-json\/wp\/v2\/media\/58034"}],"wp:attachment":[{"href":"http:\/\/elurbanoweb.com.ar\/diario\/wp-json\/wp\/v2\/media?parent=58033"}],"wp:term":[{"taxonomy":"category","embeddable":true,"href":"http:\/\/elurbanoweb.com.ar\/diario\/wp-json\/wp\/v2\/categories?post=58033"},{"taxonomy":"post_tag","embeddable":true,"href":"http:\/\/elurbanoweb.com.ar\/diario\/wp-json\/wp\/v2\/tags?post=58033"}],"curies":[{"name":"wp","href":"https:\/\/api.w.org\/{rel}","templated":true}]}}