{"id":58036,"date":"2025-07-15T10:53:14","date_gmt":"2025-07-15T13:53:14","guid":{"rendered":"https:\/\/elurbanoweb.com.ar\/diario\/?p=58036"},"modified":"2025-07-15T10:53:14","modified_gmt":"2025-07-15T13:53:14","slug":"este-anuncio-del-gobernador-pone-a-la-provincia-en-un-punto-de-referencia-muy-importante-en-el-contexto-nacional-que-estamos-viviendo","status":"publish","type":"post","link":"http:\/\/elurbanoweb.com.ar\/diario\/este-anuncio-del-gobernador-pone-a-la-provincia-en-un-punto-de-referencia-muy-importante-en-el-contexto-nacional-que-estamos-viviendo\/","title":{"rendered":"\u201cEste anuncio del Gobernador pone a la provincia en un punto de referencia muy importante en el contexto nacional que estamos viviendo\u201d"},"content":{"rendered":"<p>El vicegobernador de la provincia, Dr. Carlos Silva Neder se\u00f1al\u00f3 que el anuncio realizado este lunes por el gobernador Gerardo Zamora sobre un Bono Aguinaldo de $1.000.000 (pagadero en 2 cuotas) y de un Bono de Fin de A\u00f1o de $2.100.000 (pagadero en 3 cuotas) para la Administraci\u00f3n P\u00fablica \u201ces sin dudas fruto de la acci\u00f3n de un Gobernador con un manejo serio, responsable y austero de los recursos del Estado\u201d.<\/p>\n<p><img loading=\"lazy\" decoding=\"async\" class=\"alignnone wp-image-58037 size-large\" src=\"http:\/\/elurbanoweb.com.ar\/diario\/wp-content\/uploads\/2025\/07\/silva1-1024x576.jpeg\" alt=\"\" width=\"1024\" height=\"576\" srcset=\"http:\/\/elurbanoweb.com.ar\/diario\/wp-content\/uploads\/2025\/07\/silva1-1024x576.jpeg 1024w, http:\/\/elurbanoweb.com.ar\/diario\/wp-content\/uploads\/2025\/07\/silva1-300x169.jpeg 300w, http:\/\/elurbanoweb.com.ar\/diario\/wp-content\/uploads\/2025\/07\/silva1-150x84.jpeg 150w, http:\/\/elurbanoweb.com.ar\/diario\/wp-content\/uploads\/2025\/07\/silva1.jpeg 1280w\" sizes=\"auto, (max-width: 1024px) 100vw, 1024px\" \/><\/p>\n<p><!--more--><\/p>\n<p>Agreg\u00f3: \u201cEste anuncio es fruto de la gesti\u00f3n de la Mesa del Di\u00e1logo con las representaciones sindicales y sin duda pone nuevamente a la Provincia en un punto de referencia muy importante en el contexto nacional que estamos viviendo\u201d.<\/p>\n<p>\u201cAsimismo -puntualiz\u00f3- ratifica el compromiso permanente del gobernador Gerardo Zamora con los trabajadores, sobre la base de un manejo prolijo de los recursos del Estado y de la previsibilidad\u201d.<\/p>\n<p>El Vicegobernador remarc\u00f3 que esta es \u201cuna muy buena noticia no s\u00f3lo para todos los empleados p\u00fablicos de la provincia, sino tambi\u00e9n para el sector econ\u00f3mico que se ver\u00e1 motorizado por est\u00e1 inyecci\u00f3n financiera\u201c.<\/p>\n<p>Finalmente, record\u00f3 que este beneficio tambi\u00e9n alcanzar\u00e1 a los empleados municipales de la n\u00f3mina bancarizada y que los intendentes que deseen adherirse y no cuenten con los recursos en la inmediatez, el Gobierno de la Provincia se compromete a financiar los montos respectivos.<\/p>\n","protected":false},"excerpt":{"rendered":"<p>El vicegobernador de la provincia, Dr. Carlos Silva Neder se\u00f1al\u00f3 que el anuncio realizado este lunes por el gobernador Gerardo Zamora sobre un Bono Aguinaldo de $1.000.000 (pagadero en 2&hellip; <\/p>\n","protected":false},"author":1,"featured_media":58037,"comment_status":"closed","ping_status":"closed","sticky":false,"template":"","format":"standard","meta":{"footnotes":""},"categories":[2],"tags":[],"class_list":["post-58036","post","type-post","status-publish","format-standard","has-post-thumbnail","hentry","category-gobierno"],"_links":{"self":[{"href":"http:\/\/elurbanoweb.com.ar\/diario\/wp-json\/wp\/v2\/posts\/58036","targetHints":{"allow":["GET"]}}],"collection":[{"href":"http:\/\/elurbanoweb.com.ar\/diario\/wp-json\/wp\/v2\/posts"}],"about":[{"href":"http:\/\/elurbanoweb.com.ar\/diario\/wp-json\/wp\/v2\/types\/post"}],"author":[{"embeddable":true,"href":"http:\/\/elurbanoweb.com.ar\/diario\/wp-json\/wp\/v2\/users\/1"}],"replies":[{"embeddable":true,"href":"http:\/\/elurbanoweb.com.ar\/diario\/wp-json\/wp\/v2\/comments?post=58036"}],"version-history":[{"count":1,"href":"http:\/\/elurbanoweb.com.ar\/diario\/wp-json\/wp\/v2\/posts\/58036\/revisions"}],"predecessor-version":[{"id":58038,"href":"http:\/\/elurbanoweb.com.ar\/diario\/wp-json\/wp\/v2\/posts\/58036\/revisions\/58038"}],"wp:featuredmedia":[{"embeddable":true,"href":"http:\/\/elurbanoweb.com.ar\/diario\/wp-json\/wp\/v2\/media\/58037"}],"wp:attachment":[{"href":"http:\/\/elurbanoweb.com.ar\/diario\/wp-json\/wp\/v2\/media?parent=58036"}],"wp:term":[{"taxonomy":"category","embeddable":true,"href":"http:\/\/elurbanoweb.com.ar\/diario\/wp-json\/wp\/v2\/categories?post=58036"},{"taxonomy":"post_tag","embeddable":true,"href":"http:\/\/elurbanoweb.com.ar\/diario\/wp-json\/wp\/v2\/tags?post=58036"}],"curies":[{"name":"wp","href":"https:\/\/api.w.org\/{rel}","templated":true}]}}