{"id":58039,"date":"2025-07-15T10:54:35","date_gmt":"2025-07-15T13:54:35","guid":{"rendered":"https:\/\/elurbanoweb.com.ar\/diario\/?p=58039"},"modified":"2025-07-15T10:54:35","modified_gmt":"2025-07-15T13:54:35","slug":"la-municipalidad-prepara-la-edicion-invierno-de-santiago-es-tu-rio-en-el-marco-de-los-festejos-de-la-madre-de-ciudades","status":"publish","type":"post","link":"http:\/\/elurbanoweb.com.ar\/diario\/la-municipalidad-prepara-la-edicion-invierno-de-santiago-es-tu-rio-en-el-marco-de-los-festejos-de-la-madre-de-ciudades\/","title":{"rendered":"La Municipalidad prepara la edici\u00f3n invierno de Santiago es tu R\u00edo en el marco de los festejos de la Madre de Ciudades"},"content":{"rendered":"<p>La Municipalidad de la Capital lanzar\u00e1 la edici\u00f3n invierno de \u201cSantiago es tu R\u00edo\u201d, en el marco de los 472 a\u00f1os de la ciudad de Santiago del Estero, con propuestas recreativas, culturales y de entretenimiento para la familia y los j\u00f3venes.<\/p>\n<p><img loading=\"lazy\" decoding=\"async\" class=\"alignnone wp-image-58040 size-large\" src=\"http:\/\/elurbanoweb.com.ar\/diario\/wp-content\/uploads\/2025\/07\/rio1-1024x583.jpg\" alt=\"\" width=\"1024\" height=\"583\" srcset=\"http:\/\/elurbanoweb.com.ar\/diario\/wp-content\/uploads\/2025\/07\/rio1-1024x583.jpg 1024w, http:\/\/elurbanoweb.com.ar\/diario\/wp-content\/uploads\/2025\/07\/rio1-300x171.jpg 300w, http:\/\/elurbanoweb.com.ar\/diario\/wp-content\/uploads\/2025\/07\/rio1-150x85.jpg 150w, http:\/\/elurbanoweb.com.ar\/diario\/wp-content\/uploads\/2025\/07\/rio1.jpg 1080w\" sizes=\"auto, (max-width: 1024px) 100vw, 1024px\" \/><\/p>\n<p><!--more--> Se llevar\u00e1 a cabo desde el viernes 18 de julio al domingo 3 de agosto, durante los fines de semana, en el predio de Alsina y Costanera, con entrada libre y gratuita.<\/p>\n<p>\u201cSantiago es tu R\u00edo\u201d, en esta edici\u00f3n especial de invierno, mantiene su esp\u00edritu integrador, adaptando su programaci\u00f3n a las condiciones clim\u00e1ticas propias del receso escolar.<\/p>\n<p>El espacio contar\u00e1 con m\u00faltiples sectores dise\u00f1ados para distintos p\u00fablicos; en el escenario principal, se realizar\u00e1n clases abiertas de ritmos latinos como zumba, salsa y reguet\u00f3n a cargo de academias locales, adem\u00e1s de presentaciones musicales y coreogr\u00e1ficas de artistas invitados, animadas por conductores juveniles.<\/p>\n<p>En el sector de deportes en arena continuar\u00e1n las pr\u00e1cticas deportivas con f\u00fatbol, v\u00f3ley, handball, cesto y con una novedosa incorporaci\u00f3n de hockey en arena, con el acompa\u00f1amiento de instituciones deportivas locales.<\/p>\n<p>La finalidad es incentivar la actividad f\u00edsica al aire libre y fortalecer el v\u00ednculo comunitario.<\/p>\n<p>Tambi\u00e9n estar\u00e1 presente la tradicional feria de emprendedores que incluir\u00e1 stands de artesanos, gastron\u00f3micos, dise\u00f1adores y editoriales.<\/p>\n<p>Para los m\u00e1s chicos, se habilitar\u00e1 un espacio infantil con juegos inflables, toro mec\u00e1nico, muro de escalada, zonas de dibujo y pintura y actividades l\u00fadicas coordinadas por personal capacitado.<\/p>\n<p>El circuito tur\u00edstico en bicicleta seguir\u00e1 con recorridos guiados que incluyen el Museo Interactivo de Ciencia y Tecnolog\u00eda (MICSE), el Cristo Redentor, el Carrusel del Parque Aguirre, el Polideportivo Provincial y el Natatorio Ol\u00edmpico Madre de Ciudades, con bicicletas disponibles en pr\u00e9stamo, puestos de hidrataci\u00f3n y acompa\u00f1amiento de gu\u00edas tur\u00edsticos.<\/p>\n","protected":false},"excerpt":{"rendered":"<p>La Municipalidad de la Capital lanzar\u00e1 la edici\u00f3n invierno de \u201cSantiago es tu R\u00edo\u201d, en el marco de los 472 a\u00f1os de la ciudad de Santiago del Estero, con propuestas&hellip; <\/p>\n","protected":false},"author":1,"featured_media":58040,"comment_status":"closed","ping_status":"closed","sticky":false,"template":"","format":"standard","meta":{"footnotes":""},"categories":[3],"tags":[],"class_list":["post-58039","post","type-post","status-publish","format-standard","has-post-thumbnail","hentry","category-municipio"],"_links":{"self":[{"href":"http:\/\/elurbanoweb.com.ar\/diario\/wp-json\/wp\/v2\/posts\/58039","targetHints":{"allow":["GET"]}}],"collection":[{"href":"http:\/\/elurbanoweb.com.ar\/diario\/wp-json\/wp\/v2\/posts"}],"about":[{"href":"http:\/\/elurbanoweb.com.ar\/diario\/wp-json\/wp\/v2\/types\/post"}],"author":[{"embeddable":true,"href":"http:\/\/elurbanoweb.com.ar\/diario\/wp-json\/wp\/v2\/users\/1"}],"replies":[{"embeddable":true,"href":"http:\/\/elurbanoweb.com.ar\/diario\/wp-json\/wp\/v2\/comments?post=58039"}],"version-history":[{"count":1,"href":"http:\/\/elurbanoweb.com.ar\/diario\/wp-json\/wp\/v2\/posts\/58039\/revisions"}],"predecessor-version":[{"id":58041,"href":"http:\/\/elurbanoweb.com.ar\/diario\/wp-json\/wp\/v2\/posts\/58039\/revisions\/58041"}],"wp:featuredmedia":[{"embeddable":true,"href":"http:\/\/elurbanoweb.com.ar\/diario\/wp-json\/wp\/v2\/media\/58040"}],"wp:attachment":[{"href":"http:\/\/elurbanoweb.com.ar\/diario\/wp-json\/wp\/v2\/media?parent=58039"}],"wp:term":[{"taxonomy":"category","embeddable":true,"href":"http:\/\/elurbanoweb.com.ar\/diario\/wp-json\/wp\/v2\/categories?post=58039"},{"taxonomy":"post_tag","embeddable":true,"href":"http:\/\/elurbanoweb.com.ar\/diario\/wp-json\/wp\/v2\/tags?post=58039"}],"curies":[{"name":"wp","href":"https:\/\/api.w.org\/{rel}","templated":true}]}}