{"id":58042,"date":"2025-07-15T21:25:19","date_gmt":"2025-07-16T00:25:19","guid":{"rendered":"https:\/\/elurbanoweb.com.ar\/diario\/?p=58042"},"modified":"2025-07-15T21:25:19","modified_gmt":"2025-07-16T00:25:19","slug":"se-realizo-hoy-un-emotivo-acto-homenaje-en-memoria-de-luisito-acosta-en-el-jardin-de-la-universidad","status":"publish","type":"post","link":"http:\/\/elurbanoweb.com.ar\/diario\/se-realizo-hoy-un-emotivo-acto-homenaje-en-memoria-de-luisito-acosta-en-el-jardin-de-la-universidad\/","title":{"rendered":"Se realiz\u00f3 hoy un emotivo acto homenaje en memoria de \u201cLuisito\u201d Acosta en el jard\u00edn de la Universidad"},"content":{"rendered":"<p>Donde sus hermanos plantaron un \u00e1rbol junto a las cenizas del querido integrante de nuestra comunidad.<\/p>\n<p><img loading=\"lazy\" decoding=\"async\" class=\"alignnone wp-image-58043 size-large\" src=\"http:\/\/elurbanoweb.com.ar\/diario\/wp-content\/uploads\/2025\/07\/acosta-1024x682.jpg\" alt=\"\" width=\"1024\" height=\"682\" srcset=\"http:\/\/elurbanoweb.com.ar\/diario\/wp-content\/uploads\/2025\/07\/acosta-1024x682.jpg 1024w, http:\/\/elurbanoweb.com.ar\/diario\/wp-content\/uploads\/2025\/07\/acosta-300x200.jpg 300w, http:\/\/elurbanoweb.com.ar\/diario\/wp-content\/uploads\/2025\/07\/acosta-150x100.jpg 150w, http:\/\/elurbanoweb.com.ar\/diario\/wp-content\/uploads\/2025\/07\/acosta-1536x1023.jpg 1536w, http:\/\/elurbanoweb.com.ar\/diario\/wp-content\/uploads\/2025\/07\/acosta.jpg 1600w\" sizes=\"auto, (max-width: 1024px) 100vw, 1024px\" \/><\/p>\n<p><!--more--> El Rector Ing. H\u00e9ctor Paz; la vicerrectora, Lic. Marcela Ju\u00e1rez, docentes y nodocentes de la UNSE, acompa\u00f1aron a sus hermanos Alicia y Andr\u00e9s y les transmitieron sus condolencias y los recuerdos imborrables compartidos con \u201cLuisito\u201d.<\/p>\n","protected":false},"excerpt":{"rendered":"<p>Donde sus hermanos plantaron un \u00e1rbol junto a las cenizas del querido integrante de nuestra comunidad.<\/p>\n","protected":false},"author":1,"featured_media":58043,"comment_status":"closed","ping_status":"closed","sticky":false,"template":"","format":"standard","meta":{"footnotes":""},"categories":[15],"tags":[],"class_list":["post-58042","post","type-post","status-publish","format-standard","has-post-thumbnail","hentry","category-unse"],"_links":{"self":[{"href":"http:\/\/elurbanoweb.com.ar\/diario\/wp-json\/wp\/v2\/posts\/58042","targetHints":{"allow":["GET"]}}],"collection":[{"href":"http:\/\/elurbanoweb.com.ar\/diario\/wp-json\/wp\/v2\/posts"}],"about":[{"href":"http:\/\/elurbanoweb.com.ar\/diario\/wp-json\/wp\/v2\/types\/post"}],"author":[{"embeddable":true,"href":"http:\/\/elurbanoweb.com.ar\/diario\/wp-json\/wp\/v2\/users\/1"}],"replies":[{"embeddable":true,"href":"http:\/\/elurbanoweb.com.ar\/diario\/wp-json\/wp\/v2\/comments?post=58042"}],"version-history":[{"count":1,"href":"http:\/\/elurbanoweb.com.ar\/diario\/wp-json\/wp\/v2\/posts\/58042\/revisions"}],"predecessor-version":[{"id":58044,"href":"http:\/\/elurbanoweb.com.ar\/diario\/wp-json\/wp\/v2\/posts\/58042\/revisions\/58044"}],"wp:featuredmedia":[{"embeddable":true,"href":"http:\/\/elurbanoweb.com.ar\/diario\/wp-json\/wp\/v2\/media\/58043"}],"wp:attachment":[{"href":"http:\/\/elurbanoweb.com.ar\/diario\/wp-json\/wp\/v2\/media?parent=58042"}],"wp:term":[{"taxonomy":"category","embeddable":true,"href":"http:\/\/elurbanoweb.com.ar\/diario\/wp-json\/wp\/v2\/categories?post=58042"},{"taxonomy":"post_tag","embeddable":true,"href":"http:\/\/elurbanoweb.com.ar\/diario\/wp-json\/wp\/v2\/tags?post=58042"}],"curies":[{"name":"wp","href":"https:\/\/api.w.org\/{rel}","templated":true}]}}