{"id":58045,"date":"2025-07-15T21:27:40","date_gmt":"2025-07-16T00:27:40","guid":{"rendered":"https:\/\/elurbanoweb.com.ar\/diario\/?p=58045"},"modified":"2025-07-15T21:27:40","modified_gmt":"2025-07-16T00:27:40","slug":"elecciones-unse-marcelino-ledesma-apuesta-por-recuperar-apoyar-y-fortalecer-todo-lo-que-vino-construyendo-la-universidad","status":"publish","type":"post","link":"http:\/\/elurbanoweb.com.ar\/diario\/elecciones-unse-marcelino-ledesma-apuesta-por-recuperar-apoyar-y-fortalecer-todo-lo-que-vino-construyendo-la-universidad\/","title":{"rendered":"Elecciones UNSE: Marcelino Ledesma apuesta por \u00abrecuperar, apoyar y fortalecer todo lo que vino construyendo la universidad\u00bb"},"content":{"rendered":"<p>El candidato a rector por la lista Gesti\u00f3n y Compromiso dialog\u00f3 con Radio Panorama y comparti\u00f3 su propuesta que plantea una visi\u00f3n institucional de crecimiento, integraci\u00f3n territorial y fortalecimiento acad\u00e9mico.<\/p>\n<p><img loading=\"lazy\" decoding=\"async\" class=\"alignnone wp-image-58046 size-full\" src=\"http:\/\/elurbanoweb.com.ar\/diario\/wp-content\/uploads\/2025\/07\/marcelino.jpg\" alt=\"\" width=\"1010\" height=\"567\" srcset=\"http:\/\/elurbanoweb.com.ar\/diario\/wp-content\/uploads\/2025\/07\/marcelino.jpg 1010w, http:\/\/elurbanoweb.com.ar\/diario\/wp-content\/uploads\/2025\/07\/marcelino-300x168.jpg 300w, http:\/\/elurbanoweb.com.ar\/diario\/wp-content\/uploads\/2025\/07\/marcelino-150x84.jpg 150w\" sizes=\"auto, (max-width: 1010px) 100vw, 1010px\" \/><\/p>\n<p><!--more--><\/p>\n<p>En el marco de las elecciones en la Universidad Nacional de Santiago del Estero (UNSE), Marcelino Ledesma, candidato a rector por el espacio Gesti\u00f3n y Compromiso, brind\u00f3 declaraciones a Radio Panorama sobre los principales ejes de su propuesta. A Ledesma, lo acompa\u00f1a en su f\u00f3rmula Fernanda Melano, candidata a vicerrectora.<\/p>\n<p>\u201cNo es una continuidad. No trabajamos con ese concepto. Con Fernanda somos acad\u00e9micos, docentes y desarrollamos actividades de gesti\u00f3n. Buscamos recuperar, apoyar y fortalecer todo lo valioso que la universidad ha construido durante su trayectoria, agregando aquello que los nuevos desaf\u00edos pongan en agenda\u201d, expres\u00f3 Ledesma.<\/p>\n<p>El docente resalt\u00f3 el car\u00e1cter cogobernado de la UNSE, donde participan docentes, no docentes, graduados y estudiantes en los \u00e1mbitos de decisi\u00f3n. \u201cLa universidad tiene din\u00e1micas internas y tambi\u00e9n est\u00e1 condicionada por procesos que pueden facilitar o dificultar ciertas decisiones. Aun as\u00ed, ha crecido de manera sostenida, y eso se refleja en las acciones que pueden tomarse\u201d, indic\u00f3.<\/p>\n<p>Uno de los aspectos destacados por el candidato fue el impacto de la Facultad de Ciencias M\u00e9dicas, que ya cuenta con 56 m\u00e9dicos graduados en la provincia. \u201cEse desarrollo es muy importante, al igual que la creaci\u00f3n de la residencia universitaria y la extensi\u00f3n a trav\u00e9s del v\u00ednculo con los gobiernos locales para llegar al interior\u201d, afirm\u00f3.<\/p>\n<p>Tambi\u00e9n se refiri\u00f3 al proyecto del hospital escuela y la profundizaci\u00f3n en la formaci\u00f3n de especialidades. \u201cNos interesa una formaci\u00f3n articulada no solo en la pr\u00e1ctica y la residencia, sino tambi\u00e9n en su v\u00ednculo con los posgrados y posdoctorados\u201d.<\/p>\n<p>Ledesma habl\u00f3 de la necesidad de avanzar en pol\u00edticas institucionales que proyecten a la UNSE en el di\u00e1logo acad\u00e9mico nacional e internacional. \u201cPensamos en los cr\u00e9ditos universitarios como pol\u00edtica institucional para facilitar la movilidad de estudiantes y docentes. Tambi\u00e9n en la acreditaci\u00f3n de carreras, que ya viene avanzando y es parte de la agenda futura de nuestra facultad\u201d.<\/p>\n<p>Finalmente, destac\u00f3 el valor del capital intelectual de la universidad y su rol en la sociedad. \u201cDurante todo este tiempo hemos podido conocer el quehacer de nuestros docentes. Creemos que como pol\u00edtica, generar ingresos y hacer que el conocimiento vuelva a la sociedad donde se lo necesita, forma parte central de nuestro proyecto\u201d.<\/p>\n","protected":false},"excerpt":{"rendered":"<p>El candidato a rector por la lista Gesti\u00f3n y Compromiso dialog\u00f3 con Radio Panorama y comparti\u00f3 su propuesta que plantea una visi\u00f3n institucional de crecimiento, integraci\u00f3n territorial y fortalecimiento acad\u00e9mico.<\/p>\n","protected":false},"author":1,"featured_media":58046,"comment_status":"closed","ping_status":"closed","sticky":false,"template":"","format":"standard","meta":{"footnotes":""},"categories":[15],"tags":[],"class_list":["post-58045","post","type-post","status-publish","format-standard","has-post-thumbnail","hentry","category-unse"],"_links":{"self":[{"href":"http:\/\/elurbanoweb.com.ar\/diario\/wp-json\/wp\/v2\/posts\/58045","targetHints":{"allow":["GET"]}}],"collection":[{"href":"http:\/\/elurbanoweb.com.ar\/diario\/wp-json\/wp\/v2\/posts"}],"about":[{"href":"http:\/\/elurbanoweb.com.ar\/diario\/wp-json\/wp\/v2\/types\/post"}],"author":[{"embeddable":true,"href":"http:\/\/elurbanoweb.com.ar\/diario\/wp-json\/wp\/v2\/users\/1"}],"replies":[{"embeddable":true,"href":"http:\/\/elurbanoweb.com.ar\/diario\/wp-json\/wp\/v2\/comments?post=58045"}],"version-history":[{"count":1,"href":"http:\/\/elurbanoweb.com.ar\/diario\/wp-json\/wp\/v2\/posts\/58045\/revisions"}],"predecessor-version":[{"id":58047,"href":"http:\/\/elurbanoweb.com.ar\/diario\/wp-json\/wp\/v2\/posts\/58045\/revisions\/58047"}],"wp:featuredmedia":[{"embeddable":true,"href":"http:\/\/elurbanoweb.com.ar\/diario\/wp-json\/wp\/v2\/media\/58046"}],"wp:attachment":[{"href":"http:\/\/elurbanoweb.com.ar\/diario\/wp-json\/wp\/v2\/media?parent=58045"}],"wp:term":[{"taxonomy":"category","embeddable":true,"href":"http:\/\/elurbanoweb.com.ar\/diario\/wp-json\/wp\/v2\/categories?post=58045"},{"taxonomy":"post_tag","embeddable":true,"href":"http:\/\/elurbanoweb.com.ar\/diario\/wp-json\/wp\/v2\/tags?post=58045"}],"curies":[{"name":"wp","href":"https:\/\/api.w.org\/{rel}","templated":true}]}}