{"id":58051,"date":"2025-07-15T21:31:53","date_gmt":"2025-07-16T00:31:53","guid":{"rendered":"https:\/\/elurbanoweb.com.ar\/diario\/?p=58051"},"modified":"2025-07-15T21:31:53","modified_gmt":"2025-07-16T00:31:53","slug":"la-intendente-fuentes-asistio-a-utepse-a-la-inauguracion-de-la-remodelacion-del-centro-medico","status":"publish","type":"post","link":"http:\/\/elurbanoweb.com.ar\/diario\/la-intendente-fuentes-asistio-a-utepse-a-la-inauguracion-de-la-remodelacion-del-centro-medico\/","title":{"rendered":"La intendente Fuentes asisti\u00f3 a Utepse a la inauguraci\u00f3n de la remodelaci\u00f3n del centro m\u00e9dico"},"content":{"rendered":"<p>La intendente de la Capital, Ing. Norma Fuentes, asisti\u00f3 a la ceremonia de inauguraci\u00f3n de la refacci\u00f3n, remodelaci\u00f3n y modernizaci\u00f3n del Centro M\u00e9dico de UTEPSE, ubicado en Garibaldi N\u00b0 185.<\/p>\n<p><img loading=\"lazy\" decoding=\"async\" class=\"alignnone wp-image-58052 size-large\" src=\"http:\/\/elurbanoweb.com.ar\/diario\/wp-content\/uploads\/2025\/07\/utepse-1024x682.jpg\" alt=\"\" width=\"1024\" height=\"682\" srcset=\"http:\/\/elurbanoweb.com.ar\/diario\/wp-content\/uploads\/2025\/07\/utepse-1024x682.jpg 1024w, http:\/\/elurbanoweb.com.ar\/diario\/wp-content\/uploads\/2025\/07\/utepse-300x200.jpg 300w, http:\/\/elurbanoweb.com.ar\/diario\/wp-content\/uploads\/2025\/07\/utepse-150x100.jpg 150w, http:\/\/elurbanoweb.com.ar\/diario\/wp-content\/uploads\/2025\/07\/utepse-1536x1023.jpg 1536w, http:\/\/elurbanoweb.com.ar\/diario\/wp-content\/uploads\/2025\/07\/utepse.jpg 1600w\" sizes=\"auto, (max-width: 1024px) 100vw, 1024px\" \/><\/p>\n<p><!--more--> Tambi\u00e9n participaron del acto el vicegobernador, Carlos Silva Neder; el secretario general de UTEPSE, An\u00edbal Garz\u00f3n: el secretario General Adjunto, Miguel Marquesano, y los senadores nacionales Jos\u00e9 Emilio Neder y Gerardo Montenegro; entre otras autoridades.<\/p>\n<p>Los funcionarios recorrieron los diferentes espacios del centro de salud destinado a los afiliados del sindicato.<\/p>\n","protected":false},"excerpt":{"rendered":"<p>La intendente de la Capital, Ing. Norma Fuentes, asisti\u00f3 a la ceremonia de inauguraci\u00f3n de la refacci\u00f3n, remodelaci\u00f3n y modernizaci\u00f3n del Centro M\u00e9dico de UTEPSE, ubicado en Garibaldi N\u00b0 185.<\/p>\n","protected":false},"author":1,"featured_media":58052,"comment_status":"closed","ping_status":"closed","sticky":false,"template":"","format":"standard","meta":{"footnotes":""},"categories":[3],"tags":[],"class_list":["post-58051","post","type-post","status-publish","format-standard","has-post-thumbnail","hentry","category-municipio"],"_links":{"self":[{"href":"http:\/\/elurbanoweb.com.ar\/diario\/wp-json\/wp\/v2\/posts\/58051","targetHints":{"allow":["GET"]}}],"collection":[{"href":"http:\/\/elurbanoweb.com.ar\/diario\/wp-json\/wp\/v2\/posts"}],"about":[{"href":"http:\/\/elurbanoweb.com.ar\/diario\/wp-json\/wp\/v2\/types\/post"}],"author":[{"embeddable":true,"href":"http:\/\/elurbanoweb.com.ar\/diario\/wp-json\/wp\/v2\/users\/1"}],"replies":[{"embeddable":true,"href":"http:\/\/elurbanoweb.com.ar\/diario\/wp-json\/wp\/v2\/comments?post=58051"}],"version-history":[{"count":1,"href":"http:\/\/elurbanoweb.com.ar\/diario\/wp-json\/wp\/v2\/posts\/58051\/revisions"}],"predecessor-version":[{"id":58053,"href":"http:\/\/elurbanoweb.com.ar\/diario\/wp-json\/wp\/v2\/posts\/58051\/revisions\/58053"}],"wp:featuredmedia":[{"embeddable":true,"href":"http:\/\/elurbanoweb.com.ar\/diario\/wp-json\/wp\/v2\/media\/58052"}],"wp:attachment":[{"href":"http:\/\/elurbanoweb.com.ar\/diario\/wp-json\/wp\/v2\/media?parent=58051"}],"wp:term":[{"taxonomy":"category","embeddable":true,"href":"http:\/\/elurbanoweb.com.ar\/diario\/wp-json\/wp\/v2\/categories?post=58051"},{"taxonomy":"post_tag","embeddable":true,"href":"http:\/\/elurbanoweb.com.ar\/diario\/wp-json\/wp\/v2\/tags?post=58051"}],"curies":[{"name":"wp","href":"https:\/\/api.w.org\/{rel}","templated":true}]}}