{"id":58057,"date":"2025-07-16T08:53:15","date_gmt":"2025-07-16T11:53:15","guid":{"rendered":"https:\/\/elurbanoweb.com.ar\/diario\/?p=58057"},"modified":"2025-07-16T08:53:15","modified_gmt":"2025-07-16T11:53:15","slug":"siria-despliega-soldados-ante-un-nuevo-brote-de-violencia-sectaria-que-dejo-un-centenar-de-muertos","status":"publish","type":"post","link":"http:\/\/elurbanoweb.com.ar\/diario\/siria-despliega-soldados-ante-un-nuevo-brote-de-violencia-sectaria-que-dejo-un-centenar-de-muertos\/","title":{"rendered":"Siria despliega soldados ante un nuevo brote de violencia sectaria que dej\u00f3 un centenar de muertos"},"content":{"rendered":"<p>Las autoridades sirias desplegaron soldados en el sur del pa\u00eds tras los enfrentamientos entre tribus beduinas y combatientes drusos en Sweida, que dejaron un centenar de muertos, seg\u00fan el recuento de una ONG siria de derechos humanos.<\/p>\n<p><img loading=\"lazy\" decoding=\"async\" class=\"alignnone wp-image-58058 size-full\" src=\"http:\/\/elurbanoweb.com.ar\/diario\/wp-content\/uploads\/2025\/07\/siria.jpg\" alt=\"\" width=\"1010\" height=\"567\" srcset=\"http:\/\/elurbanoweb.com.ar\/diario\/wp-content\/uploads\/2025\/07\/siria.jpg 1010w, http:\/\/elurbanoweb.com.ar\/diario\/wp-content\/uploads\/2025\/07\/siria-300x168.jpg 300w, http:\/\/elurbanoweb.com.ar\/diario\/wp-content\/uploads\/2025\/07\/siria-150x84.jpg 150w\" sizes=\"auto, (max-width: 1010px) 100vw, 1010px\" \/><\/p>\n<p><!--more--><\/p>\n<p>Israel, que ya ha intervenido en Siria en los \u00faltimos meses con el pretexto de proteger drusos, anunci\u00f3 el lunes que atac\u00f3 varios tanques de las fuerzas gubernamentales sirias en la regi\u00f3n, algunos de cuyos miembros combaten junto a los beduinos, seg\u00fan el Observatorio Sirio de Derechos Humanos (OSDH).<\/p>\n<p>El ministro de Defensa israel\u00ed, Israel Katz, dijo que los ataques son una \u201cclara advertencia al r\u00e9gimen sirio\u201d, y a\u00f1adi\u00f3 que Israel no permitir\u00e1 que se perjudique a los drusos que viven en Siria.<\/p>\n<p>El lunes continuaron los enfrentamientos en las afueras de la ciudad de Sweida, de mayor\u00eda drusa, que est\u00e1 en manos de combatientes drusos, seg\u00fan el OSDH y el portal de informaci\u00f3n local Suwayda 24.<\/p>\n<p>Estos enfrentamientos entre comunidades resaltan los enormes desaf\u00edos que enfrenta el gobierno interino encabezado por Ahmad al-Sharaa, que est\u00e1 en el poder tras derrocar a Bashar Al-Assad en diciembre, y que asumi\u00f3 tras casi 14 a\u00f1os de guerra civil.<\/p>\n<p>El OSDH report\u00f3 que la violencia estall\u00f3 el domingo, un d\u00eda despu\u00e9s del \u201csecuestro de un vendedor de verduras druso por beduinos armados que instalaron barricadas en la carretera que une Sweida con Damasco\u201d.<\/p>\n<p>\u201cEl incidente se agrav\u00f3\u201d y ambos bandos procedieron a otros secuestros, a\u00f1adi\u00f3 la ONG. Suwayda 24 inform\u00f3 que los hombres secuestrados fueron liberados en la noche del domingo.<\/p>\n<p>El Ministerio de Defensa, en coordinaci\u00f3n con el Ministerio del Interior, anunci\u00f3 en un comunicado el despliegue de unidades militares en las zonas afectadas, la apertura de pasos seguros para los civiles y expres\u00f3 su voluntad de \u201cponer fin de forma r\u00e1pida y determinada a estos enfrentamientos\u201d.<\/p>\n<p>El ministro del Interior, Anas Khatab, declar\u00f3 el domingo en X que \u201cla ausencia de instituciones estatales, militares y de seguridad es una de las principales causas de las tensiones persistentes en Sweida\u201d.<\/p>\n<p>El OSDH report\u00f3 un nuevo balance de 99 muertos y decenas de heridos durante los combates y lanzamiento de tiros de artiller\u00eda en la ciudad de Sweida y en otras localidades de la provincia del mismo nombre.<\/p>\n<p>La ONG report\u00f3 que murieron 60 drusos, entre los que se cuentan 46 combatientes, dos mujeres y dos ni\u00f1os. Tambi\u00e9n perecieron 18 beduinos, 14 miembros de las fuerzas de seguridad y siete personas no identificadas.<\/p>\n<p>El Ministerio de Defensa inform\u00f3 de 18 muertes en las filas de las fuerzas armadas.<\/p>\n<p>La enviada especial adjunta de la ONU para Siria, Najat Rochdi, expres\u00f3 \u201cprofunda preocupaci\u00f3n\u201d por la violencia e inst\u00f3 al gobierno y a los grupos locales a \u201ctomar medidas inmediatas para proteger a los civiles, restaurar la calma y prevenir la incitaci\u00f3n\u201d.<\/p>\n<p>Los l\u00edderes religiosos drusos hicieron un llamamiento a la calma y uno de los m\u00e1s influyentes, el jeque Hikmat al-Hejri, exigi\u00f3 \u201cprotecci\u00f3n internacional inmediata\u201d para su comunidad, afirmando que se negaba a permitir la entrada de las fuerzas gubernamentales en las zonas controladas por los drusos.<\/p>\n<p>\u201cEstamos muy asustados, los proyectiles caen sobre nosotros. Las calles est\u00e1n paralizadas y las tiendas cerradas\u201d, declar\u00f3 Abu Taym, de 51 a\u00f1os.<\/p>\n<p>El OSDH explic\u00f3 que en la zona hay fuertes tensiones desde los enfrentamientos entre combatientes drusos y las fuerzas de seguridad en zonas drusas cercanas a Damasco y en Sweida en abril, que dejaron m\u00e1s de 100 muertos.<\/p>\n<p>Las tribus beduinas sun\u00edes de la provincia se alinearon con las fuerzas de seguridad durante estos incidentes.<\/p>\n<p>Para evitar una escalada, los l\u00edderes locales y religiosos llegaron a un acuerdo para mejorar la integraci\u00f3n de los combatientes drusos en las instituciones del poder.<\/p>\n<p>Los beduinos y los drusos sostienen una rivalidad de larga data y ocasionalmente hay brotes de violencia entre estos dos grupos.<\/p>\n<p>La convivencia entre diferentes minor\u00edas es uno de los desaf\u00edos del nuevo gobierno sirio, sobre todo despu\u00e9s de la ola de violencia contra la comunidad alauita que dej\u00f3 m\u00e1s de 1700 muertos en marzo. Estas preocupaciones se acentuaron a finales de abril despu\u00e9s de los mortales ataques contra la comunidad drusa.<\/p>\n<p>Tras estos incidentes, Israel, que ocupa desde 1967 una parte de los Altos del Gol\u00e1n perteneciente a Siria, lanz\u00f3 varios bombardeos, uno de ellos cerca del palacio presidencial de Damasco y afirm\u00f3 que actu\u00f3 para proteger a los drusos.<\/p>\n<p>Los drusos se concentran principalmente en Siria, L\u00edbano e Israel, donde viven cerca de 152.000 miembros de esta comunidad derivada del chiismo, pero considerada como una corriente esot\u00e9rica. Esta cifra incluye a 24.000 drusos que viven en la zona del Gol\u00e1n ocupada por Israel, de los cuales menos del 5% tiene la ciudadan\u00eda israel\u00ed.<\/p>\n<p>Los estrechos lazos entre el estado israel\u00ed y sus 120.000 ciudadanos drusos, reforzados por el hecho de que los hombres drusos sirven en las Fuerzas de Defensa de Israel, son una de las razones de la creciente implicaci\u00f3n israel\u00ed en Siria.<\/p>\n","protected":false},"excerpt":{"rendered":"<p>Las autoridades sirias desplegaron soldados en el sur del pa\u00eds tras los enfrentamientos entre tribus beduinas y combatientes drusos en Sweida, que dejaron un centenar de muertos, seg\u00fan el recuento&hellip; <\/p>\n","protected":false},"author":1,"featured_media":58058,"comment_status":"closed","ping_status":"closed","sticky":false,"template":"","format":"standard","meta":{"footnotes":""},"categories":[6],"tags":[],"class_list":["post-58057","post","type-post","status-publish","format-standard","has-post-thumbnail","hentry","category-mundo"],"_links":{"self":[{"href":"http:\/\/elurbanoweb.com.ar\/diario\/wp-json\/wp\/v2\/posts\/58057","targetHints":{"allow":["GET"]}}],"collection":[{"href":"http:\/\/elurbanoweb.com.ar\/diario\/wp-json\/wp\/v2\/posts"}],"about":[{"href":"http:\/\/elurbanoweb.com.ar\/diario\/wp-json\/wp\/v2\/types\/post"}],"author":[{"embeddable":true,"href":"http:\/\/elurbanoweb.com.ar\/diario\/wp-json\/wp\/v2\/users\/1"}],"replies":[{"embeddable":true,"href":"http:\/\/elurbanoweb.com.ar\/diario\/wp-json\/wp\/v2\/comments?post=58057"}],"version-history":[{"count":1,"href":"http:\/\/elurbanoweb.com.ar\/diario\/wp-json\/wp\/v2\/posts\/58057\/revisions"}],"predecessor-version":[{"id":58059,"href":"http:\/\/elurbanoweb.com.ar\/diario\/wp-json\/wp\/v2\/posts\/58057\/revisions\/58059"}],"wp:featuredmedia":[{"embeddable":true,"href":"http:\/\/elurbanoweb.com.ar\/diario\/wp-json\/wp\/v2\/media\/58058"}],"wp:attachment":[{"href":"http:\/\/elurbanoweb.com.ar\/diario\/wp-json\/wp\/v2\/media?parent=58057"}],"wp:term":[{"taxonomy":"category","embeddable":true,"href":"http:\/\/elurbanoweb.com.ar\/diario\/wp-json\/wp\/v2\/categories?post=58057"},{"taxonomy":"post_tag","embeddable":true,"href":"http:\/\/elurbanoweb.com.ar\/diario\/wp-json\/wp\/v2\/tags?post=58057"}],"curies":[{"name":"wp","href":"https:\/\/api.w.org\/{rel}","templated":true}]}}