{"id":58060,"date":"2025-07-16T08:55:03","date_gmt":"2025-07-16T11:55:03","guid":{"rendered":"https:\/\/elurbanoweb.com.ar\/diario\/?p=58060"},"modified":"2025-07-16T08:55:03","modified_gmt":"2025-07-16T11:55:03","slug":"la-municipalidad-de-la-banda-promueve-la-inmunizacion-domiciliaria-en-barrios-de-la-ciudad","status":"publish","type":"post","link":"http:\/\/elurbanoweb.com.ar\/diario\/la-municipalidad-de-la-banda-promueve-la-inmunizacion-domiciliaria-en-barrios-de-la-ciudad\/","title":{"rendered":"La Municipalidad de La Banda promueve la inmunizaci\u00f3n domiciliaria en barrios de la ciudad"},"content":{"rendered":"<p>En el marco del \u201cMes de las Vacunas Santiague\u00f1as\u201d, la Secretar\u00eda de Salud de la Municipalidad de La Banda, a trav\u00e9s de la Sala Villa Elena, llev\u00f3 adelante una jornada de inmunizaci\u00f3n domiciliaria en el barrio, acercando la atenci\u00f3n primaria a los hogares y garantizando el derecho a la prevenci\u00f3n sanitaria.<\/p>\n<p><img loading=\"lazy\" decoding=\"async\" class=\"alignnone wp-image-58061 size-full\" src=\"http:\/\/elurbanoweb.com.ar\/diario\/wp-content\/uploads\/2025\/07\/promueve1.jpg\" alt=\"\" width=\"1010\" height=\"567\" srcset=\"http:\/\/elurbanoweb.com.ar\/diario\/wp-content\/uploads\/2025\/07\/promueve1.jpg 1010w, http:\/\/elurbanoweb.com.ar\/diario\/wp-content\/uploads\/2025\/07\/promueve1-300x168.jpg 300w, http:\/\/elurbanoweb.com.ar\/diario\/wp-content\/uploads\/2025\/07\/promueve1-150x84.jpg 150w\" sizes=\"auto, (max-width: 1010px) 100vw, 1010px\" \/><\/p>\n<p><!--more--><\/p>\n<p>Durante el operativo, tambi\u00e9n se realizaron controles de signos vitales, como parte de una estrategia integral que busca fortalecer la detecci\u00f3n temprana de factores de riesgo y consolidar una atenci\u00f3n comunitaria m\u00e1s cercana.<\/p>\n<p>En este sentido el secretario de Salud, C\u00e9sar Scabuzzo, destac\u00f3: \u201cDesde esta gesti\u00f3n impulsamos pol\u00edticas p\u00fablicas de prevenci\u00f3n que contemplan la territorialidad y la realidad de nuestros vecinos. La inmunizaci\u00f3n domiciliaria es una herramienta fundamental para alcanzar a quienes m\u00e1s lo necesitan y asegurar que nadie quede fuera del sistema de salud\u201d.<\/p>\n<p>Estas acciones responden al compromiso del intendente Ing. Roger El\u00edas Nediani, quien promueve una salud p\u00fablica con enfoque humano, equitativo y accesible para toda la comunidad.<\/p>\n","protected":false},"excerpt":{"rendered":"<p>En el marco del \u201cMes de las Vacunas Santiague\u00f1as\u201d, la Secretar\u00eda de Salud de la Municipalidad de La Banda, a trav\u00e9s de la Sala Villa Elena, llev\u00f3 adelante una jornada&hellip; <\/p>\n","protected":false},"author":1,"featured_media":58061,"comment_status":"closed","ping_status":"closed","sticky":false,"template":"","format":"standard","meta":{"footnotes":""},"categories":[9],"tags":[],"class_list":["post-58060","post","type-post","status-publish","format-standard","has-post-thumbnail","hentry","category-la-banda"],"_links":{"self":[{"href":"http:\/\/elurbanoweb.com.ar\/diario\/wp-json\/wp\/v2\/posts\/58060","targetHints":{"allow":["GET"]}}],"collection":[{"href":"http:\/\/elurbanoweb.com.ar\/diario\/wp-json\/wp\/v2\/posts"}],"about":[{"href":"http:\/\/elurbanoweb.com.ar\/diario\/wp-json\/wp\/v2\/types\/post"}],"author":[{"embeddable":true,"href":"http:\/\/elurbanoweb.com.ar\/diario\/wp-json\/wp\/v2\/users\/1"}],"replies":[{"embeddable":true,"href":"http:\/\/elurbanoweb.com.ar\/diario\/wp-json\/wp\/v2\/comments?post=58060"}],"version-history":[{"count":1,"href":"http:\/\/elurbanoweb.com.ar\/diario\/wp-json\/wp\/v2\/posts\/58060\/revisions"}],"predecessor-version":[{"id":58062,"href":"http:\/\/elurbanoweb.com.ar\/diario\/wp-json\/wp\/v2\/posts\/58060\/revisions\/58062"}],"wp:featuredmedia":[{"embeddable":true,"href":"http:\/\/elurbanoweb.com.ar\/diario\/wp-json\/wp\/v2\/media\/58061"}],"wp:attachment":[{"href":"http:\/\/elurbanoweb.com.ar\/diario\/wp-json\/wp\/v2\/media?parent=58060"}],"wp:term":[{"taxonomy":"category","embeddable":true,"href":"http:\/\/elurbanoweb.com.ar\/diario\/wp-json\/wp\/v2\/categories?post=58060"},{"taxonomy":"post_tag","embeddable":true,"href":"http:\/\/elurbanoweb.com.ar\/diario\/wp-json\/wp\/v2\/tags?post=58060"}],"curies":[{"name":"wp","href":"https:\/\/api.w.org\/{rel}","templated":true}]}}