{"id":58063,"date":"2025-07-16T08:56:18","date_gmt":"2025-07-16T11:56:18","guid":{"rendered":"https:\/\/elurbanoweb.com.ar\/diario\/?p=58063"},"modified":"2025-07-16T08:56:18","modified_gmt":"2025-07-16T11:56:18","slug":"lanzan-mercadito-saludable-en-la-banda-para-fomentar-buenos-habitos","status":"publish","type":"post","link":"http:\/\/elurbanoweb.com.ar\/diario\/lanzan-mercadito-saludable-en-la-banda-para-fomentar-buenos-habitos\/","title":{"rendered":"Lanzan \u201cMercadito Saludable\u201d en La Banda para fomentar buenos h\u00e1bitos"},"content":{"rendered":"<p>La Municipalidad de La Banda, a trav\u00e9s de la Direcci\u00f3n de Desarrollo Comunitario y la Oficina de Emprendedores, lanza una nueva propuesta denominada el \u201cMercadito Saludable\u201d, una feria pensada para emprendedores que ofrecen productos naturales y conscientes, como parte de las pol\u00edticas p\u00fablicas impulsadas por el intendente Ing. Roger E. Nediani para fortalecer el emprendedurismo local con enfoque en la salud y el consumo responsable.<\/p>\n<p><img loading=\"lazy\" decoding=\"async\" class=\"alignnone wp-image-58064 size-full\" src=\"http:\/\/elurbanoweb.com.ar\/diario\/wp-content\/uploads\/2025\/07\/mercadito.jpg\" alt=\"\" width=\"1010\" height=\"567\" srcset=\"http:\/\/elurbanoweb.com.ar\/diario\/wp-content\/uploads\/2025\/07\/mercadito.jpg 1010w, http:\/\/elurbanoweb.com.ar\/diario\/wp-content\/uploads\/2025\/07\/mercadito-300x168.jpg 300w, http:\/\/elurbanoweb.com.ar\/diario\/wp-content\/uploads\/2025\/07\/mercadito-150x84.jpg 150w\" sizes=\"auto, (max-width: 1010px) 100vw, 1010px\" \/><\/p>\n<p><!--more--><\/p>\n<p>Esta feria se desarrollar\u00e1 el pr\u00f3ximo viernes 18 de julio, de 10 a 13, en la intersecci\u00f3n de las Avenidas Belgrano y Besares, y estar\u00e1 abierta al p\u00fablico en general.<\/p>\n<p>\u201cLa propuesta est\u00e1 pensada para emprendedores que muchas veces no cuentan con un espacio espec\u00edfico para comercializar productos como frutas, verduras, dulces caseros, productos sin TACC, integrales y otras opciones saludables. Esta feria les da la oportunidad de visibilizar sus trabajos y sumar ingresos\u201d, explic\u00f3 Zahen Nabac, responsable del \u00e1rea.<\/p>\n<p>La convocatoria a\u00fan se encuentra abierta y los interesados en participar con un stand pueden acercarse a la oficina ubicada en Av. Rivadavia 438, o bien comunicarse al n\u00famero de contacto del \u00e1rea 3854209847.<\/p>\n<p>Este espacio busca promover la alimentaci\u00f3n saludable en la comunidad y al mismo tiempo brindar herramientas concretas para el crecimiento de los emprendedores locales, ofreciendo ferias accesibles y sostenibles.<\/p>\n","protected":false},"excerpt":{"rendered":"<p>La Municipalidad de La Banda, a trav\u00e9s de la Direcci\u00f3n de Desarrollo Comunitario y la Oficina de Emprendedores, lanza una nueva propuesta denominada el \u201cMercadito Saludable\u201d, una feria pensada para&hellip; <\/p>\n","protected":false},"author":1,"featured_media":58064,"comment_status":"closed","ping_status":"closed","sticky":false,"template":"","format":"standard","meta":{"footnotes":""},"categories":[9],"tags":[],"class_list":["post-58063","post","type-post","status-publish","format-standard","has-post-thumbnail","hentry","category-la-banda"],"_links":{"self":[{"href":"http:\/\/elurbanoweb.com.ar\/diario\/wp-json\/wp\/v2\/posts\/58063","targetHints":{"allow":["GET"]}}],"collection":[{"href":"http:\/\/elurbanoweb.com.ar\/diario\/wp-json\/wp\/v2\/posts"}],"about":[{"href":"http:\/\/elurbanoweb.com.ar\/diario\/wp-json\/wp\/v2\/types\/post"}],"author":[{"embeddable":true,"href":"http:\/\/elurbanoweb.com.ar\/diario\/wp-json\/wp\/v2\/users\/1"}],"replies":[{"embeddable":true,"href":"http:\/\/elurbanoweb.com.ar\/diario\/wp-json\/wp\/v2\/comments?post=58063"}],"version-history":[{"count":1,"href":"http:\/\/elurbanoweb.com.ar\/diario\/wp-json\/wp\/v2\/posts\/58063\/revisions"}],"predecessor-version":[{"id":58065,"href":"http:\/\/elurbanoweb.com.ar\/diario\/wp-json\/wp\/v2\/posts\/58063\/revisions\/58065"}],"wp:featuredmedia":[{"embeddable":true,"href":"http:\/\/elurbanoweb.com.ar\/diario\/wp-json\/wp\/v2\/media\/58064"}],"wp:attachment":[{"href":"http:\/\/elurbanoweb.com.ar\/diario\/wp-json\/wp\/v2\/media?parent=58063"}],"wp:term":[{"taxonomy":"category","embeddable":true,"href":"http:\/\/elurbanoweb.com.ar\/diario\/wp-json\/wp\/v2\/categories?post=58063"},{"taxonomy":"post_tag","embeddable":true,"href":"http:\/\/elurbanoweb.com.ar\/diario\/wp-json\/wp\/v2\/tags?post=58063"}],"curies":[{"name":"wp","href":"https:\/\/api.w.org\/{rel}","templated":true}]}}