{"id":58066,"date":"2025-07-16T08:59:23","date_gmt":"2025-07-16T11:59:23","guid":{"rendered":"https:\/\/elurbanoweb.com.ar\/diario\/?p=58066"},"modified":"2025-07-16T08:59:23","modified_gmt":"2025-07-16T11:59:23","slug":"el-centro-de-la-municipalidad-de-estudios-para-el-arte-invita-al-taller-gratuito-de-percusion-que-se-dictara-en-plaza-libertad","status":"publish","type":"post","link":"http:\/\/elurbanoweb.com.ar\/diario\/el-centro-de-la-municipalidad-de-estudios-para-el-arte-invita-al-taller-gratuito-de-percusion-que-se-dictara-en-plaza-libertad\/","title":{"rendered":"El Centro de la municipalidad de Estudios para el Arte invita al taller gratuito de percusi\u00f3n que se dictar\u00e1 en plaza Libertad"},"content":{"rendered":"<p>El Centro de Educaci\u00f3n para el Arte de la Municipalidad de la Capital invita al Taller de Bombo que se realizar\u00e1 los d\u00edas mi\u00e9rcoles 16, jueves 17 y viernes 18 de julio en la retreta de Plaza Libertad.<\/p>\n<p><img loading=\"lazy\" decoding=\"async\" class=\"alignnone wp-image-58067 size-large\" src=\"http:\/\/elurbanoweb.com.ar\/diario\/wp-content\/uploads\/2025\/07\/taller1-1024x1024.jpg\" alt=\"\" width=\"1024\" height=\"1024\" srcset=\"http:\/\/elurbanoweb.com.ar\/diario\/wp-content\/uploads\/2025\/07\/taller1-1024x1024.jpg 1024w, http:\/\/elurbanoweb.com.ar\/diario\/wp-content\/uploads\/2025\/07\/taller1-300x300.jpg 300w, http:\/\/elurbanoweb.com.ar\/diario\/wp-content\/uploads\/2025\/07\/taller1-150x150.jpg 150w, http:\/\/elurbanoweb.com.ar\/diario\/wp-content\/uploads\/2025\/07\/taller1-1536x1536.jpg 1536w, http:\/\/elurbanoweb.com.ar\/diario\/wp-content\/uploads\/2025\/07\/taller1.jpg 1600w\" sizes=\"auto, (max-width: 1024px) 100vw, 1024px\" \/><\/p>\n<p><!--more--> En la previa a la 23\u00b0 edici\u00f3n de la Marcha de los Bombos, las jornadas ser\u00e1n gratuitas y destinadas al p\u00fablico en general. Estar\u00e1n a cargo de Ramiro Ju\u00e1rez Ley y se dictar\u00e1 en los horarios de 11 a 13 y de 19 a 21.<\/p>\n<p>Los interesados deber\u00e1n asistir al taller, portando su propio instrumento de percusi\u00f3n.<\/p>\n","protected":false},"excerpt":{"rendered":"<p>El Centro de Educaci\u00f3n para el Arte de la Municipalidad de la Capital invita al Taller de Bombo que se realizar\u00e1 los d\u00edas mi\u00e9rcoles 16, jueves 17 y viernes 18&hellip; <\/p>\n","protected":false},"author":1,"featured_media":58067,"comment_status":"closed","ping_status":"closed","sticky":false,"template":"","format":"standard","meta":{"footnotes":""},"categories":[3],"tags":[],"class_list":["post-58066","post","type-post","status-publish","format-standard","has-post-thumbnail","hentry","category-municipio"],"_links":{"self":[{"href":"http:\/\/elurbanoweb.com.ar\/diario\/wp-json\/wp\/v2\/posts\/58066","targetHints":{"allow":["GET"]}}],"collection":[{"href":"http:\/\/elurbanoweb.com.ar\/diario\/wp-json\/wp\/v2\/posts"}],"about":[{"href":"http:\/\/elurbanoweb.com.ar\/diario\/wp-json\/wp\/v2\/types\/post"}],"author":[{"embeddable":true,"href":"http:\/\/elurbanoweb.com.ar\/diario\/wp-json\/wp\/v2\/users\/1"}],"replies":[{"embeddable":true,"href":"http:\/\/elurbanoweb.com.ar\/diario\/wp-json\/wp\/v2\/comments?post=58066"}],"version-history":[{"count":1,"href":"http:\/\/elurbanoweb.com.ar\/diario\/wp-json\/wp\/v2\/posts\/58066\/revisions"}],"predecessor-version":[{"id":58068,"href":"http:\/\/elurbanoweb.com.ar\/diario\/wp-json\/wp\/v2\/posts\/58066\/revisions\/58068"}],"wp:featuredmedia":[{"embeddable":true,"href":"http:\/\/elurbanoweb.com.ar\/diario\/wp-json\/wp\/v2\/media\/58067"}],"wp:attachment":[{"href":"http:\/\/elurbanoweb.com.ar\/diario\/wp-json\/wp\/v2\/media?parent=58066"}],"wp:term":[{"taxonomy":"category","embeddable":true,"href":"http:\/\/elurbanoweb.com.ar\/diario\/wp-json\/wp\/v2\/categories?post=58066"},{"taxonomy":"post_tag","embeddable":true,"href":"http:\/\/elurbanoweb.com.ar\/diario\/wp-json\/wp\/v2\/tags?post=58066"}],"curies":[{"name":"wp","href":"https:\/\/api.w.org\/{rel}","templated":true}]}}