{"id":58072,"date":"2025-07-16T09:03:06","date_gmt":"2025-07-16T12:03:06","guid":{"rendered":"https:\/\/elurbanoweb.com.ar\/diario\/?p=58072"},"modified":"2025-07-16T09:03:06","modified_gmt":"2025-07-16T12:03:06","slug":"estudiantes-de-trabajo-social-salen-al-territorio-para-realizar-practicas-pre-profesionales","status":"publish","type":"post","link":"http:\/\/elurbanoweb.com.ar\/diario\/estudiantes-de-trabajo-social-salen-al-territorio-para-realizar-practicas-pre-profesionales\/","title":{"rendered":"Estudiantes de Trabajo Social salen al territorio para realizar pr\u00e1cticas pre profesionales"},"content":{"rendered":"<p>Con el objetivo de fortalecer las pol\u00edticas interinstitucionales, autoridades de la Facultad de Humanidades, Ciencias Sociales y de la Salud de la UNSE firmaron acuerdos con representantes de instituciones y organizaciones del medio para que estudiantes de la carrera de Licenciatura en Trabajo Social tomen contacto con el territorio y realicen pr\u00e1cticas pre profesionales.<\/p>\n<p><img loading=\"lazy\" decoding=\"async\" class=\"alignnone wp-image-58073 size-full\" src=\"http:\/\/elurbanoweb.com.ar\/diario\/wp-content\/uploads\/2025\/07\/trabajo.jpg\" alt=\"\" width=\"1024\" height=\"545\" srcset=\"http:\/\/elurbanoweb.com.ar\/diario\/wp-content\/uploads\/2025\/07\/trabajo.jpg 1024w, http:\/\/elurbanoweb.com.ar\/diario\/wp-content\/uploads\/2025\/07\/trabajo-300x160.jpg 300w, http:\/\/elurbanoweb.com.ar\/diario\/wp-content\/uploads\/2025\/07\/trabajo-150x80.jpg 150w\" sizes=\"auto, (max-width: 1024px) 100vw, 1024px\" \/><\/p>\n<p><!--more--><\/p>\n<p>La ceremonia protocolar estuvo encabezada por el decano de Humanidades, Marcelino Ledesma; la vicedecana, Sandra Moreira; el secretario de Extensi\u00f3n, Ulises Barbieri; la coordinadora de la carrera, Liliana Pascual; junto a docentes y estudiantes.<\/p>\n<p>Adem\u00e1s, estuvieron presentes representantes de la Escuela Especial N\u00b0 236 Hellen Keller;<\/p>\n<p>\u201cEl Dispositivo Territorial Comunitario\u201d, del barrio Bel\u00e9n; Centro Barrial Hogar de Cristo San Vicente; Unidad Primaria de Atenci\u00f3n N\u00b05; ESPEA N\u00b01 Nicol\u00e1s Segundo Gennero; y de la Parroquia Nuestra Se\u00f1ora de Lourdes.<\/p>\n<p>En su discurso, Marcelino Ledesma destac\u00f3 la presencia de la carrera de Trabajo Social en la vida universitaria. \u201cLa manera en que han generado presencia en la vida de nuestra comunidad, en el diario, en la investigaci\u00f3n, en la extensi\u00f3n, en el trabajo territorial, en las becas, en el ingreso de carreras a Conicet, en las becas, en el cuadro de honor, en las ayudant\u00edas y en otras tantas \u00e1reas de desarrollo a nosotros nos genera orgullo y es movilizante\u201d, afirm\u00f3.<\/p>\n<p>En ese sentido, detall\u00f3 que \u201chay una comunidad de profesores, no docentes, estudiantes, graduados que son inquietos, que est\u00e1n trabajando, proponiendo, avanzando en sus carreras, teniendo y compartiendo logros; todo es muy importante para nosotros porque nos impulsa a proyectarnos, a pensar en qu\u00e9 otros espacios m\u00e1s podemos capitalizar, trasladar y transferir todas estas trayectorias y estas experiencias\u201d.<\/p>\n<p>Por su parte, Sandra Moreira expres\u00f3 que \u201cla esencia de nuestra Facultad es poder intercambiar y construir el conocimiento; aunque muchas veces tambi\u00e9n deconstruirnos en este proceso de aprender y reaprender; es sumamente importante y no lo har\u00edamos sin ustedes\u201d.<\/p>\n<p>La vicedecana, indic\u00f3, adem\u00e1s: \u201cNosotros somos conscientes que si no abrimos las puertas de nuestras casas, que son las instituciones a las cuales pertenecen, para nosotros ser\u00eda imposible darles a los estudiantes esa educaci\u00f3n de calidad y situada; los libros siempre se queman, pero cuando uno va a la pr\u00e1ctica a las diferentes instituciones, la teor\u00eda entra en crisis en tensi\u00f3n con la realidad y con nuestra realidad, con la de Santiago, que quiz\u00e1s es muy diferente a la realidad escrita en los libros\u201d.<\/p>\n<p>Finalmente, Moreira ratific\u00f3 su compromiso de continuar trabajando a la par de cada una de las propuestas impulsadas por docentes y estudiantes. \u201cEstamos sumamente abiertos y dispuestos a participar en todo lo que nos propongan, porque es la esencia de la educaci\u00f3n p\u00fablica el poder estar, intercambiar y poder dejar algo en la comunidad\u201d, concluy\u00f3.<\/p>\n","protected":false},"excerpt":{"rendered":"<p>Con el objetivo de fortalecer las pol\u00edticas interinstitucionales, autoridades de la Facultad de Humanidades, Ciencias Sociales y de la Salud de la UNSE firmaron acuerdos con representantes de instituciones y&hellip; <\/p>\n","protected":false},"author":1,"featured_media":58073,"comment_status":"closed","ping_status":"closed","sticky":false,"template":"","format":"standard","meta":{"footnotes":""},"categories":[15],"tags":[],"class_list":["post-58072","post","type-post","status-publish","format-standard","has-post-thumbnail","hentry","category-unse"],"_links":{"self":[{"href":"http:\/\/elurbanoweb.com.ar\/diario\/wp-json\/wp\/v2\/posts\/58072","targetHints":{"allow":["GET"]}}],"collection":[{"href":"http:\/\/elurbanoweb.com.ar\/diario\/wp-json\/wp\/v2\/posts"}],"about":[{"href":"http:\/\/elurbanoweb.com.ar\/diario\/wp-json\/wp\/v2\/types\/post"}],"author":[{"embeddable":true,"href":"http:\/\/elurbanoweb.com.ar\/diario\/wp-json\/wp\/v2\/users\/1"}],"replies":[{"embeddable":true,"href":"http:\/\/elurbanoweb.com.ar\/diario\/wp-json\/wp\/v2\/comments?post=58072"}],"version-history":[{"count":1,"href":"http:\/\/elurbanoweb.com.ar\/diario\/wp-json\/wp\/v2\/posts\/58072\/revisions"}],"predecessor-version":[{"id":58074,"href":"http:\/\/elurbanoweb.com.ar\/diario\/wp-json\/wp\/v2\/posts\/58072\/revisions\/58074"}],"wp:featuredmedia":[{"embeddable":true,"href":"http:\/\/elurbanoweb.com.ar\/diario\/wp-json\/wp\/v2\/media\/58073"}],"wp:attachment":[{"href":"http:\/\/elurbanoweb.com.ar\/diario\/wp-json\/wp\/v2\/media?parent=58072"}],"wp:term":[{"taxonomy":"category","embeddable":true,"href":"http:\/\/elurbanoweb.com.ar\/diario\/wp-json\/wp\/v2\/categories?post=58072"},{"taxonomy":"post_tag","embeddable":true,"href":"http:\/\/elurbanoweb.com.ar\/diario\/wp-json\/wp\/v2\/tags?post=58072"}],"curies":[{"name":"wp","href":"https:\/\/api.w.org\/{rel}","templated":true}]}}