{"id":58078,"date":"2025-07-16T09:06:34","date_gmt":"2025-07-16T12:06:34","guid":{"rendered":"https:\/\/elurbanoweb.com.ar\/diario\/?p=58078"},"modified":"2025-07-16T09:06:34","modified_gmt":"2025-07-16T12:06:34","slug":"este-miercoles-la-imagen-de-la-virgen-del-carmen-visitara-el-edificio-de-la-municipalidad","status":"publish","type":"post","link":"http:\/\/elurbanoweb.com.ar\/diario\/este-miercoles-la-imagen-de-la-virgen-del-carmen-visitara-el-edificio-de-la-municipalidad\/","title":{"rendered":"Este mi\u00e9rcoles la imagen de la Virgen del Carmen visitar\u00e1 el edificio de la Municipalidad"},"content":{"rendered":"<p>En el marco de la festividad de Nuestra Se\u00f1ora del Carmen y de las celebraciones religiosas que se llevan adelante por el 472\u00b0 aniversario de la ciudad, la imagen de la patrona de Santiago del Estero, visitar\u00e1 este mi\u00e9rcoles 16, la sede de la Municipalidad de la Capital, donde ser\u00e1 recibida por la Intendente Ing. Norma Fuentes, funcionarios y empleados de la comuna.<\/p>\n<p><img loading=\"lazy\" decoding=\"async\" class=\"alignnone wp-image-58079 size-full\" src=\"http:\/\/elurbanoweb.com.ar\/diario\/wp-content\/uploads\/2025\/07\/virgen.jpg\" alt=\"\" width=\"1010\" height=\"567\" srcset=\"http:\/\/elurbanoweb.com.ar\/diario\/wp-content\/uploads\/2025\/07\/virgen.jpg 1010w, http:\/\/elurbanoweb.com.ar\/diario\/wp-content\/uploads\/2025\/07\/virgen-300x168.jpg 300w, http:\/\/elurbanoweb.com.ar\/diario\/wp-content\/uploads\/2025\/07\/virgen-150x84.jpg 150w\" sizes=\"auto, (max-width: 1010px) 100vw, 1010px\" \/><\/p>\n<p><!--more--><\/p>\n<p>La imagen partir\u00e1 desde la Catedral Bas\u00edlica hacia el edificio municipal, donde se llevar\u00e1 a cabo una celebraci\u00f3n religiosa en honor a la virgen, a partir de las 10 de la ma\u00f1ana.<\/p>\n","protected":false},"excerpt":{"rendered":"<p>En el marco de la festividad de Nuestra Se\u00f1ora del Carmen y de las celebraciones religiosas que se llevan adelante por el 472\u00b0 aniversario de la ciudad, la imagen de&hellip; <\/p>\n","protected":false},"author":1,"featured_media":58079,"comment_status":"closed","ping_status":"closed","sticky":false,"template":"","format":"standard","meta":{"footnotes":""},"categories":[3],"tags":[],"class_list":["post-58078","post","type-post","status-publish","format-standard","has-post-thumbnail","hentry","category-municipio"],"_links":{"self":[{"href":"http:\/\/elurbanoweb.com.ar\/diario\/wp-json\/wp\/v2\/posts\/58078","targetHints":{"allow":["GET"]}}],"collection":[{"href":"http:\/\/elurbanoweb.com.ar\/diario\/wp-json\/wp\/v2\/posts"}],"about":[{"href":"http:\/\/elurbanoweb.com.ar\/diario\/wp-json\/wp\/v2\/types\/post"}],"author":[{"embeddable":true,"href":"http:\/\/elurbanoweb.com.ar\/diario\/wp-json\/wp\/v2\/users\/1"}],"replies":[{"embeddable":true,"href":"http:\/\/elurbanoweb.com.ar\/diario\/wp-json\/wp\/v2\/comments?post=58078"}],"version-history":[{"count":1,"href":"http:\/\/elurbanoweb.com.ar\/diario\/wp-json\/wp\/v2\/posts\/58078\/revisions"}],"predecessor-version":[{"id":58080,"href":"http:\/\/elurbanoweb.com.ar\/diario\/wp-json\/wp\/v2\/posts\/58078\/revisions\/58080"}],"wp:featuredmedia":[{"embeddable":true,"href":"http:\/\/elurbanoweb.com.ar\/diario\/wp-json\/wp\/v2\/media\/58079"}],"wp:attachment":[{"href":"http:\/\/elurbanoweb.com.ar\/diario\/wp-json\/wp\/v2\/media?parent=58078"}],"wp:term":[{"taxonomy":"category","embeddable":true,"href":"http:\/\/elurbanoweb.com.ar\/diario\/wp-json\/wp\/v2\/categories?post=58078"},{"taxonomy":"post_tag","embeddable":true,"href":"http:\/\/elurbanoweb.com.ar\/diario\/wp-json\/wp\/v2\/tags?post=58078"}],"curies":[{"name":"wp","href":"https:\/\/api.w.org\/{rel}","templated":true}]}}