{"id":58081,"date":"2025-07-16T09:07:36","date_gmt":"2025-07-16T12:07:36","guid":{"rendered":"https:\/\/elurbanoweb.com.ar\/diario\/?p=58081"},"modified":"2025-07-16T09:07:36","modified_gmt":"2025-07-16T12:07:36","slug":"silva-neder-acompano-a-utepse-en-la-inauguracion-de-nuevos-consultorios-medicos","status":"publish","type":"post","link":"http:\/\/elurbanoweb.com.ar\/diario\/silva-neder-acompano-a-utepse-en-la-inauguracion-de-nuevos-consultorios-medicos\/","title":{"rendered":"Silva Neder acompa\u00f1\u00f3 a Utepse en la inauguraci\u00f3n de nuevos consultorios m\u00e9dicos"},"content":{"rendered":"<p>En representaci\u00f3n del gobernador de la provincia, Dr. Gerardo Zamora, el vicegobernador Dr. Carlos Silva Neder particip\u00f3 esta ma\u00f1ana de la inauguraci\u00f3n de la refacci\u00f3n, remodelaci\u00f3n y modernizaci\u00f3n de los Consultorios m\u00e9dicos de Utepse.<\/p>\n<p><img loading=\"lazy\" decoding=\"async\" class=\"alignnone wp-image-58082 size-full\" src=\"http:\/\/elurbanoweb.com.ar\/diario\/wp-content\/uploads\/2025\/07\/utepse-1.jpg\" alt=\"\" width=\"960\" height=\"809\" srcset=\"http:\/\/elurbanoweb.com.ar\/diario\/wp-content\/uploads\/2025\/07\/utepse-1.jpg 960w, http:\/\/elurbanoweb.com.ar\/diario\/wp-content\/uploads\/2025\/07\/utepse-1-300x253.jpg 300w, http:\/\/elurbanoweb.com.ar\/diario\/wp-content\/uploads\/2025\/07\/utepse-1-150x126.jpg 150w\" sizes=\"auto, (max-width: 960px) 100vw, 960px\" \/><\/p>\n<p><!--more--><\/p>\n<p>Durante el acto de inauguraci\u00f3n de los consultorios, ubicados en calle Garibaldi N\u00b0185 de esta ciudad, estuvieron presentes el secretario general de Utepse, Anibal Garz\u00f3n; secretario Adjunto, Miguel Marquesano; senadores nacionales Jos\u00e9 Emilio Neder y Gerardo Montenegro; secretaria de Trabajo, Julia Com\u00e1n; intendenta de la ciudad Capital, Ing. Norma Fuentes; legisladores provinciales; representantes de sindicatos agrupados en la CGT; funcionarios del gobierno provincial y municipal y afiliados del gremio.<\/p>\n<p>En la oportunidad, Silva Neder transmiti\u00f3 el afectuoso saludo y las felicitaciones del gobernador de la Provincia, Dr. Gerardo Zamora y ratific\u00f3 su \u201ccompromiso de seguir acompa\u00f1ando no s\u00f3lo a este querido gremio de Utepse, sino tambi\u00e9n a toda la familia sindical de Santiago del Estero\u201d.<\/p>\n<p>\u201cEstas obras que hoy estamos inaugurando, no son m\u00e1s que una expresi\u00f3n de lo que viene ocurriendo en Santiago del Estero desde el a\u00f1o 2005 a esta parte y lo que ha ocurrido tambi\u00e9n ayer cuando el Gobernador anunciaba esos bonos para los empleados p\u00fablicos que son fruto de este di\u00e1logo permanente que se da en la provincia sobre la base del respecto y a trav\u00e9s del cu\u00e1l se arriban a conclusiones tan importantes que benefician a toda una comunidad\u201d.<\/p>\n<p>Agreg\u00f3: \u201cY esto es lo que tambi\u00e9n ocurre en Utepse, d\u00f3nde se busca el bienestar general de sus afiliados. Este compromiso y el esfuerzo que hacen nos colma de alegr\u00eda, porque nos permite a nosotros, como Gobierno de la Provincia, sentirnos acompa\u00f1ados en esa funci\u00f3n, porque en definitiva, con estos consultorios, vienen a coayudar el servicio de salud que est\u00e1 a cargo del Estado provincial\u201d.<\/p>\n<p>\u201cEste sentido solidario, que tambi\u00e9n trasciende a la familia del asociado, habla precisamente de esa generosidad que tambi\u00e9n caracteriza a este proyecto provincial que conduce Gerardo Zamora, que es nuestra bandera y nuestra lucha cotidiana\u201d, puntualiz\u00f3.<\/p>\n<p>Por su parte, el secretario general Adjunto del gremio, Miguel Marquesano, agradeci\u00f3 la presencia de las autoridades al acto de inauguraci\u00f3n y destac\u00f3 el apoyo permanente del Gobierno de la Provincia, encabezado por el gobernador Gerardo Zamora para hacer posible no s\u00f3lo estas obras, sino tambi\u00e9n para que los trabajadores del Estado se sientan acompa\u00f1ados permanentemente.<\/p>\n","protected":false},"excerpt":{"rendered":"<p>En representaci\u00f3n del gobernador de la provincia, Dr. Gerardo Zamora, el vicegobernador Dr. Carlos Silva Neder particip\u00f3 esta ma\u00f1ana de la inauguraci\u00f3n de la refacci\u00f3n, remodelaci\u00f3n y modernizaci\u00f3n de los&hellip; <\/p>\n","protected":false},"author":1,"featured_media":58082,"comment_status":"closed","ping_status":"closed","sticky":false,"template":"","format":"standard","meta":{"footnotes":""},"categories":[2],"tags":[],"class_list":["post-58081","post","type-post","status-publish","format-standard","has-post-thumbnail","hentry","category-gobierno"],"_links":{"self":[{"href":"http:\/\/elurbanoweb.com.ar\/diario\/wp-json\/wp\/v2\/posts\/58081","targetHints":{"allow":["GET"]}}],"collection":[{"href":"http:\/\/elurbanoweb.com.ar\/diario\/wp-json\/wp\/v2\/posts"}],"about":[{"href":"http:\/\/elurbanoweb.com.ar\/diario\/wp-json\/wp\/v2\/types\/post"}],"author":[{"embeddable":true,"href":"http:\/\/elurbanoweb.com.ar\/diario\/wp-json\/wp\/v2\/users\/1"}],"replies":[{"embeddable":true,"href":"http:\/\/elurbanoweb.com.ar\/diario\/wp-json\/wp\/v2\/comments?post=58081"}],"version-history":[{"count":1,"href":"http:\/\/elurbanoweb.com.ar\/diario\/wp-json\/wp\/v2\/posts\/58081\/revisions"}],"predecessor-version":[{"id":58083,"href":"http:\/\/elurbanoweb.com.ar\/diario\/wp-json\/wp\/v2\/posts\/58081\/revisions\/58083"}],"wp:featuredmedia":[{"embeddable":true,"href":"http:\/\/elurbanoweb.com.ar\/diario\/wp-json\/wp\/v2\/media\/58082"}],"wp:attachment":[{"href":"http:\/\/elurbanoweb.com.ar\/diario\/wp-json\/wp\/v2\/media?parent=58081"}],"wp:term":[{"taxonomy":"category","embeddable":true,"href":"http:\/\/elurbanoweb.com.ar\/diario\/wp-json\/wp\/v2\/categories?post=58081"},{"taxonomy":"post_tag","embeddable":true,"href":"http:\/\/elurbanoweb.com.ar\/diario\/wp-json\/wp\/v2\/tags?post=58081"}],"curies":[{"name":"wp","href":"https:\/\/api.w.org\/{rel}","templated":true}]}}