{"id":58088,"date":"2025-07-16T09:12:00","date_gmt":"2025-07-16T12:12:00","guid":{"rendered":"https:\/\/elurbanoweb.com.ar\/diario\/?p=58088"},"modified":"2025-07-16T09:12:00","modified_gmt":"2025-07-16T12:12:00","slug":"la-intendente-fuentes-y-el-ministro-de-obras-publicas-hid-supervisaron-trabajos-de-limpieza-del-canal-san-martin","status":"publish","type":"post","link":"http:\/\/elurbanoweb.com.ar\/diario\/la-intendente-fuentes-y-el-ministro-de-obras-publicas-hid-supervisaron-trabajos-de-limpieza-del-canal-san-martin\/","title":{"rendered":"La intendente Fuentes y el ministro de Obras P\u00fablicas Hid supervisaron trabajos de limpieza del canal San Mart\u00edn"},"content":{"rendered":"<p>La intendente de la Capital, Ing. Norma Fuentes y el ministro de Obras, Servicios P\u00fablicos y Agua de la Provincia, Aldo Hid; acompa\u00f1ados por el secretario de Obras P\u00fablicas, Jorge Zua\u00edn y el subsecretario del Agua, Sergio Saltz; supervisaron los trabajos de limpieza y desmalezamiento de los bordes del canal San Mart\u00edn.<\/p>\n<p><img loading=\"lazy\" decoding=\"async\" class=\"alignnone wp-image-58089 size-large\" src=\"http:\/\/elurbanoweb.com.ar\/diario\/wp-content\/uploads\/2025\/07\/canal-1024x575.jpg\" alt=\"\" width=\"1024\" height=\"575\" srcset=\"http:\/\/elurbanoweb.com.ar\/diario\/wp-content\/uploads\/2025\/07\/canal-1024x575.jpg 1024w, http:\/\/elurbanoweb.com.ar\/diario\/wp-content\/uploads\/2025\/07\/canal-300x168.jpg 300w, http:\/\/elurbanoweb.com.ar\/diario\/wp-content\/uploads\/2025\/07\/canal-150x84.jpg 150w, http:\/\/elurbanoweb.com.ar\/diario\/wp-content\/uploads\/2025\/07\/canal-1536x862.jpg 1536w, http:\/\/elurbanoweb.com.ar\/diario\/wp-content\/uploads\/2025\/07\/canal.jpg 1600w\" sizes=\"auto, (max-width: 1024px) 100vw, 1024px\" \/><\/p>\n<p><!--more--> En un operativo realizado por la Unidad Ejecutora de Riego del r\u00edo Dulce, los funcionarios recorrieron el tramo comprendido entre la boca toma ubicada a la altura de la avenida N\u00fa\u00f1ez del Prado y la avenida Madre de Ciudades.<\/p>\n<p>Las tareas en el canal de riego se extender\u00e1n en el trayecto que va por la avenida del Libertador hasta el cruce con la avenida Circunvalaci\u00f3n, alrededor de 10 kil\u00f3metros, que cruza la ciudad de norte a sur, sobre el que se ejecutan tareas de mantenimiento para garantizar la higiene urbana y su adecuado funcionamiento.<\/p>\n<p>Intervinieron obreros con herramientas de uso manual, adem\u00e1s de retroexcavadoras, palas cargadoras y camiones de caja abierta para el retiro y traslado de los residuos domiciliarios y restos de vegetaci\u00f3n extra\u00eddos del cauce.<\/p>\n","protected":false},"excerpt":{"rendered":"<p>La intendente de la Capital, Ing. Norma Fuentes y el ministro de Obras, Servicios P\u00fablicos y Agua de la Provincia, Aldo Hid; acompa\u00f1ados por el secretario de Obras P\u00fablicas, Jorge&hellip; <\/p>\n","protected":false},"author":1,"featured_media":58089,"comment_status":"closed","ping_status":"closed","sticky":false,"template":"","format":"standard","meta":{"footnotes":""},"categories":[3],"tags":[],"class_list":["post-58088","post","type-post","status-publish","format-standard","has-post-thumbnail","hentry","category-municipio"],"_links":{"self":[{"href":"http:\/\/elurbanoweb.com.ar\/diario\/wp-json\/wp\/v2\/posts\/58088","targetHints":{"allow":["GET"]}}],"collection":[{"href":"http:\/\/elurbanoweb.com.ar\/diario\/wp-json\/wp\/v2\/posts"}],"about":[{"href":"http:\/\/elurbanoweb.com.ar\/diario\/wp-json\/wp\/v2\/types\/post"}],"author":[{"embeddable":true,"href":"http:\/\/elurbanoweb.com.ar\/diario\/wp-json\/wp\/v2\/users\/1"}],"replies":[{"embeddable":true,"href":"http:\/\/elurbanoweb.com.ar\/diario\/wp-json\/wp\/v2\/comments?post=58088"}],"version-history":[{"count":1,"href":"http:\/\/elurbanoweb.com.ar\/diario\/wp-json\/wp\/v2\/posts\/58088\/revisions"}],"predecessor-version":[{"id":58090,"href":"http:\/\/elurbanoweb.com.ar\/diario\/wp-json\/wp\/v2\/posts\/58088\/revisions\/58090"}],"wp:featuredmedia":[{"embeddable":true,"href":"http:\/\/elurbanoweb.com.ar\/diario\/wp-json\/wp\/v2\/media\/58089"}],"wp:attachment":[{"href":"http:\/\/elurbanoweb.com.ar\/diario\/wp-json\/wp\/v2\/media?parent=58088"}],"wp:term":[{"taxonomy":"category","embeddable":true,"href":"http:\/\/elurbanoweb.com.ar\/diario\/wp-json\/wp\/v2\/categories?post=58088"},{"taxonomy":"post_tag","embeddable":true,"href":"http:\/\/elurbanoweb.com.ar\/diario\/wp-json\/wp\/v2\/tags?post=58088"}],"curies":[{"name":"wp","href":"https:\/\/api.w.org\/{rel}","templated":true}]}}