{"id":58091,"date":"2025-07-16T09:14:20","date_gmt":"2025-07-16T12:14:20","guid":{"rendered":"https:\/\/elurbanoweb.com.ar\/diario\/?p=58091"},"modified":"2025-07-16T09:14:20","modified_gmt":"2025-07-16T12:14:20","slug":"legislatura-el-anuncio-del-gobernador-ratifica-el-compromiso-permanente-con-los-trabajadores","status":"publish","type":"post","link":"http:\/\/elurbanoweb.com.ar\/diario\/legislatura-el-anuncio-del-gobernador-ratifica-el-compromiso-permanente-con-los-trabajadores\/","title":{"rendered":"Legislatura: \u201cEl anuncio del Gobernador ratifica el compromiso permanente con los trabajadores\u201d"},"content":{"rendered":"<p>Haci\u00e9ndose eco del anuncio realizado por el gobernador Gerardo Zamora sobre el pago de un Bono Aguinaldo de $1.000.000 y de un Bono de Fin de A\u00f1o de $2.100.000 destinados a los empleados de la Administraci\u00f3n P\u00fablica, la C\u00e1mara de Diputados expres\u00f3 esta tarde que \u201ceste anuncio no son s\u00f3lo es una buena noticia para los trabajadores, sino tambi\u00e9n para todos los comerciantes santiague\u00f1os que ver\u00e1n dinamizada la econom\u00eda local y regional\u201d.<\/p>\n<p><img loading=\"lazy\" decoding=\"async\" class=\"alignnone wp-image-58092 size-large\" src=\"http:\/\/elurbanoweb.com.ar\/diario\/wp-content\/uploads\/2025\/07\/legislatura1-1024x728.jpg\" alt=\"\" width=\"1024\" height=\"728\" srcset=\"http:\/\/elurbanoweb.com.ar\/diario\/wp-content\/uploads\/2025\/07\/legislatura1-1024x728.jpg 1024w, http:\/\/elurbanoweb.com.ar\/diario\/wp-content\/uploads\/2025\/07\/legislatura1-300x213.jpg 300w, http:\/\/elurbanoweb.com.ar\/diario\/wp-content\/uploads\/2025\/07\/legislatura1-150x107.jpg 150w, http:\/\/elurbanoweb.com.ar\/diario\/wp-content\/uploads\/2025\/07\/legislatura1-1536x1091.jpg 1536w, http:\/\/elurbanoweb.com.ar\/diario\/wp-content\/uploads\/2025\/07\/legislatura1-2048x1455.jpg 2048w\" sizes=\"auto, (max-width: 1024px) 100vw, 1024px\" \/><\/p>\n<p><!--more--><\/p>\n<p>Previo al trabajo legislativo propiamente dicho, los legisladores se\u00f1alaron que \u201cel gobernador Zamora cumpli\u00f3 con su palabra empe\u00f1ada durante su mensaje anual en esta misma C\u00e1mara de Diputados el pasado 27 de abril, cuando anunci\u00f3 estos Bonos Extraordinarios que llegan a los trabajadores gracias a los acuerdos en la Mesa de Di\u00e1logo y Trabajo y como fruto de un manejo responsable y austero de los recursos del Estado Provincial\u201d.<\/p>\n<p>Repudio a pol\u00edticas nacionales de ajuste<\/p>\n<p>Durante la sesi\u00f3n ordinaria, conducida por la presidenta provisional de la Legislatura, Norma Abadala de Matarazzo, la C\u00e1mara de Diputados expres\u00f3 su \u201cm\u00e1s en\u00e9rgico repudio al cierre de organismos nacionales esenciales como el INTA, Vialidad Nacional, INTI, Programa Nacional de Control del C\u00e1ncer, \u00e1reas de atenci\u00f3n a la Discapacidad y dem\u00e1s instituciones fundamentales para la vida, la producci\u00f3n, la salud y la inclusi\u00f3n social de nuestro pueblo, dispuestos por el Poder Ejecutivo Nacional\u201d.<\/p>\n<p>\u201cDeclaramos el rechazo de esta C\u00e1mara frente al brutal avance de pol\u00edticas de ajuste y vaciamiento que atentan directamente contra los derechos conquistados por el pueblo argentino a lo largo de d\u00e9cadas de lucha y organizaci\u00f3n\u201d, puntualizaron.<\/p>\n<p>Declaran de inter\u00e9s la Expo Santiago Productivo<\/p>\n<p>En el trascurrso de la labor parlamentaria, los diputados declararon de inter\u00e9s provincial la Expo Santiago Productivo 2025 que se realizar\u00e1 el 31 de julio y el 1 y 2 de agosto en el Vivero San Carlos de La Banda.<\/p>\n<p>\u201cA cargo del Ministerio de Producci\u00f3n, la Expo destaca lo mejor del sector agropecuario y productivo de la regi\u00f3n, buscando fortalecer la conexi\u00f3n entre productores y consumidores, promoviendo el crecimiento sostenible del sector\u201d, indicaron.<\/p>\n<p>Minuto de silencio<\/p>\n<p>Previo al trabajo legislativo propiamente dicho, los diputados realizaron un minuto de silencio en memoria de Franco Sony Goitea, reconocido m\u00fasico santiague\u00f1o e integrantes del grupo musical Mishqui Simi, y de Alejandro Beltramino, hijo del diputado provincial Juan Manuel Beltramino, quienes fallecieron en los \u00faltimos d\u00edas.<\/p>\n<p>Declaran de inter\u00e9s distintas actividades en el marco del cumplea\u00f1os de la Madre de Ciudades<\/p>\n<p>Durante la sesi\u00f3n, se declar\u00f3 de inter\u00e9s: la Pe\u00f1a de Orellana Lucca (18\/07); la 54\u00b0 Edici\u00f3n de la Fiesta de las Sachaguitarras Atamisque\u00f1as y homenaje a Elpidio Herrera (19 y 20\/07); las actividades del Sadem y de la Uni\u00f3n de Bailarines por los festejos del 472\u00b0 aniversario de la Fundaci\u00f3n de la Madre de Ciudades; la Fiesta Central en honor a Santiago Ap\u00f3stol en La Banda; el 100\u00b0 aniversario de la creaci\u00f3n de la Alianza Francesa; las Jornadas y Actividades Sociales, Educativas y Religiosas Temporada 2025 de la \u201cTierra Deseable\u201d; la muestra \u201cCanciones al \u00d3leo Exposici\u00f3n de Obras Pict\u00f3ricas de Peteco Carabajal\u201d (del 18 al 28\/07) Y el evento por el XXV Aniversario de la Iglesia del Centro (19\/07).<\/p>\n<p>Tambi\u00e9n: la XIV Edici\u00f3n del Festival del Tabiquero (3\/08) en el Paraje \u201cEl Cerro Blanco\u201d, Depto. Ojo de Agua; el Campeonato de Pat\u00edn Art\u00edstico Copa Quimsa VI Edici\u00f3n (26\/07); el 49\u00ba aniversario de la Asociaci\u00f3n Santiague\u00f1a de Veteranos de B\u00e1squet; el Encuentro de Vidaleros y Quichuistas 2025 \u201cPedro Cala Loto\u201d (20\/07) y la Jornada Intendentas Santiague\u00f1as en los Brics (15\/07).<\/p>\n<p>Adem\u00e1s: el Seminario Nacional de Ceremonial y Protocolo (8\/07) en Las Termas de R\u00edo Hondo; el IV Congreso Nacional \u201cLa Seguridad Ciudadana una Cuesti\u00f3n de Todos\u201d (9\/08); la XXXIII Edici\u00f3n del Festival Nacional del Queso Cope\u00f1o (18 y 19\/07); los 30 a\u00f1os de Trayectoria de Los Bonys (18\/07); el 245\u00b0 aniversario del Natalicio de la Tte. Cnel. Juana Azurduy; el evento musical \u201cSantiago Querido\u201d (19\/07); el Gran Duelo del Chamam\u00e9 (18\/07) en Villa Atamisqui; el 15\u00b0 aniversario de la sanci\u00f3n de la Ley Nacional 26.618 de Matrimonio Igualitario (15\/07); la Fiesta Patronal en honor a la Virgen del C\u00e1rmen (16\/07) en Villa La Punta y el 100\u00b0 aniversario del Club Atl\u00e9tico Deportivo Los Romanos (25\/07).<\/p>\n","protected":false},"excerpt":{"rendered":"<p>Haci\u00e9ndose eco del anuncio realizado por el gobernador Gerardo Zamora sobre el pago de un Bono Aguinaldo de $1.000.000 y de un Bono de Fin de A\u00f1o de $2.100.000 destinados&hellip; <\/p>\n","protected":false},"author":1,"featured_media":58092,"comment_status":"closed","ping_status":"closed","sticky":false,"template":"","format":"standard","meta":{"footnotes":""},"categories":[16],"tags":[],"class_list":["post-58091","post","type-post","status-publish","format-standard","has-post-thumbnail","hentry","category-locales"],"_links":{"self":[{"href":"http:\/\/elurbanoweb.com.ar\/diario\/wp-json\/wp\/v2\/posts\/58091","targetHints":{"allow":["GET"]}}],"collection":[{"href":"http:\/\/elurbanoweb.com.ar\/diario\/wp-json\/wp\/v2\/posts"}],"about":[{"href":"http:\/\/elurbanoweb.com.ar\/diario\/wp-json\/wp\/v2\/types\/post"}],"author":[{"embeddable":true,"href":"http:\/\/elurbanoweb.com.ar\/diario\/wp-json\/wp\/v2\/users\/1"}],"replies":[{"embeddable":true,"href":"http:\/\/elurbanoweb.com.ar\/diario\/wp-json\/wp\/v2\/comments?post=58091"}],"version-history":[{"count":1,"href":"http:\/\/elurbanoweb.com.ar\/diario\/wp-json\/wp\/v2\/posts\/58091\/revisions"}],"predecessor-version":[{"id":58093,"href":"http:\/\/elurbanoweb.com.ar\/diario\/wp-json\/wp\/v2\/posts\/58091\/revisions\/58093"}],"wp:featuredmedia":[{"embeddable":true,"href":"http:\/\/elurbanoweb.com.ar\/diario\/wp-json\/wp\/v2\/media\/58092"}],"wp:attachment":[{"href":"http:\/\/elurbanoweb.com.ar\/diario\/wp-json\/wp\/v2\/media?parent=58091"}],"wp:term":[{"taxonomy":"category","embeddable":true,"href":"http:\/\/elurbanoweb.com.ar\/diario\/wp-json\/wp\/v2\/categories?post=58091"},{"taxonomy":"post_tag","embeddable":true,"href":"http:\/\/elurbanoweb.com.ar\/diario\/wp-json\/wp\/v2\/tags?post=58091"}],"curies":[{"name":"wp","href":"https:\/\/api.w.org\/{rel}","templated":true}]}}