{"id":58094,"date":"2025-07-16T09:15:27","date_gmt":"2025-07-16T12:15:27","guid":{"rendered":"https:\/\/elurbanoweb.com.ar\/diario\/?p=58094"},"modified":"2025-07-16T09:15:27","modified_gmt":"2025-07-16T12:15:27","slug":"la-municipalidad-celebrara-con-un-festival-musical-el-dia-del-amigo-en-plaza-anoranzas","status":"publish","type":"post","link":"http:\/\/elurbanoweb.com.ar\/diario\/la-municipalidad-celebrara-con-un-festival-musical-el-dia-del-amigo-en-plaza-anoranzas\/","title":{"rendered":"La Municipalidad celebrar\u00e1 con un festival musical el D\u00eda del Amigo en Plaza A\u00f1oranzas"},"content":{"rendered":"<p>El pr\u00f3ximo domingo 20 de julio y como parte de los festejos por los 472 a\u00f1os de la Madre de ciudades, se llevar\u00e1 adelante una nueva edici\u00f3n del Festival D\u00eda del Amigo en Plaza A\u00f1oranzas, con entrada libre y gratuita.<\/p>\n<p><img loading=\"lazy\" decoding=\"async\" class=\"alignnone wp-image-58095 size-large\" src=\"http:\/\/elurbanoweb.com.ar\/diario\/wp-content\/uploads\/2025\/07\/amigo-1024x1024.jpg\" alt=\"\" width=\"1024\" height=\"1024\" srcset=\"http:\/\/elurbanoweb.com.ar\/diario\/wp-content\/uploads\/2025\/07\/amigo-1024x1024.jpg 1024w, http:\/\/elurbanoweb.com.ar\/diario\/wp-content\/uploads\/2025\/07\/amigo-300x300.jpg 300w, http:\/\/elurbanoweb.com.ar\/diario\/wp-content\/uploads\/2025\/07\/amigo-150x150.jpg 150w, http:\/\/elurbanoweb.com.ar\/diario\/wp-content\/uploads\/2025\/07\/amigo-1536x1536.jpg 1536w, http:\/\/elurbanoweb.com.ar\/diario\/wp-content\/uploads\/2025\/07\/amigo.jpg 1600w\" sizes=\"auto, (max-width: 1024px) 100vw, 1024px\" \/><\/p>\n<p><!--more--> Ser\u00e1 a partir de las 15 horas con una grilla de destacados artistas, conformada por Lauty Gram, Alejandro Veliz, Demi Carabajal, junto a bandas y artistas locales como La Reina (con el tributo a \u00c1ngela Leiva), Apasionados Santiague\u00f1os, Mala Influencia, El Champion y los Guara, DJ Lautaro Navarrete y DJ Benja L.R..<\/p>\n<p>El municipio ya trabaja para esa jornada en un amplio dispositivo para la organizaci\u00f3n, en coordinaci\u00f3n con la Polic\u00eda de la provincia, Caps y servicios de asistencia inmediata.<\/p>\n<p>Asimismo, se inform\u00f3 que no estar\u00e1 permitido el ingreso ni el consumo de bebidas alcoh\u00f3licas, como tampoco el ingreso al predio con camisetas de clubes de f\u00fatbol locales, con el fin de garantizar una jornada familiar.<\/p>\n","protected":false},"excerpt":{"rendered":"<p>El pr\u00f3ximo domingo 20 de julio y como parte de los festejos por los 472 a\u00f1os de la Madre de ciudades, se llevar\u00e1 adelante una nueva edici\u00f3n del Festival D\u00eda&hellip; <\/p>\n","protected":false},"author":1,"featured_media":58095,"comment_status":"closed","ping_status":"closed","sticky":false,"template":"","format":"standard","meta":{"footnotes":""},"categories":[3],"tags":[],"class_list":["post-58094","post","type-post","status-publish","format-standard","has-post-thumbnail","hentry","category-municipio"],"_links":{"self":[{"href":"http:\/\/elurbanoweb.com.ar\/diario\/wp-json\/wp\/v2\/posts\/58094","targetHints":{"allow":["GET"]}}],"collection":[{"href":"http:\/\/elurbanoweb.com.ar\/diario\/wp-json\/wp\/v2\/posts"}],"about":[{"href":"http:\/\/elurbanoweb.com.ar\/diario\/wp-json\/wp\/v2\/types\/post"}],"author":[{"embeddable":true,"href":"http:\/\/elurbanoweb.com.ar\/diario\/wp-json\/wp\/v2\/users\/1"}],"replies":[{"embeddable":true,"href":"http:\/\/elurbanoweb.com.ar\/diario\/wp-json\/wp\/v2\/comments?post=58094"}],"version-history":[{"count":1,"href":"http:\/\/elurbanoweb.com.ar\/diario\/wp-json\/wp\/v2\/posts\/58094\/revisions"}],"predecessor-version":[{"id":58096,"href":"http:\/\/elurbanoweb.com.ar\/diario\/wp-json\/wp\/v2\/posts\/58094\/revisions\/58096"}],"wp:featuredmedia":[{"embeddable":true,"href":"http:\/\/elurbanoweb.com.ar\/diario\/wp-json\/wp\/v2\/media\/58095"}],"wp:attachment":[{"href":"http:\/\/elurbanoweb.com.ar\/diario\/wp-json\/wp\/v2\/media?parent=58094"}],"wp:term":[{"taxonomy":"category","embeddable":true,"href":"http:\/\/elurbanoweb.com.ar\/diario\/wp-json\/wp\/v2\/categories?post=58094"},{"taxonomy":"post_tag","embeddable":true,"href":"http:\/\/elurbanoweb.com.ar\/diario\/wp-json\/wp\/v2\/tags?post=58094"}],"curies":[{"name":"wp","href":"https:\/\/api.w.org\/{rel}","templated":true}]}}