{"id":58097,"date":"2025-07-16T21:31:47","date_gmt":"2025-07-17T00:31:47","guid":{"rendered":"https:\/\/elurbanoweb.com.ar\/diario\/?p=58097"},"modified":"2025-07-16T21:31:47","modified_gmt":"2025-07-17T00:31:47","slug":"el-municipio-bandeno-realizo-un-gran-trabajo-por-la-caida-de-ramas-tras-los-intensos-vientos","status":"publish","type":"post","link":"http:\/\/elurbanoweb.com.ar\/diario\/el-municipio-bandeno-realizo-un-gran-trabajo-por-la-caida-de-ramas-tras-los-intensos-vientos\/","title":{"rendered":"El municipio bande\u00f1o realiz\u00f3 un gran trabajo por la ca\u00edda de ramas tras los intensos vientos"},"content":{"rendered":"<p>El personal de la Secretar\u00eda de Servicios P\u00fablicos, se encuentra trabajando intensamente en el levantamiento y corte de \u00e1rboles que fueron derribados por el fuerte viento que se desat\u00f3 en la madrugada de este mi\u00e9rcoles.<\/p>\n<p><img loading=\"lazy\" decoding=\"async\" class=\"alignnone wp-image-58098 size-full\" src=\"http:\/\/elurbanoweb.com.ar\/diario\/wp-content\/uploads\/2025\/07\/arboles2.jpg\" alt=\"\" width=\"1010\" height=\"567\" srcset=\"http:\/\/elurbanoweb.com.ar\/diario\/wp-content\/uploads\/2025\/07\/arboles2.jpg 1010w, http:\/\/elurbanoweb.com.ar\/diario\/wp-content\/uploads\/2025\/07\/arboles2-300x168.jpg 300w, http:\/\/elurbanoweb.com.ar\/diario\/wp-content\/uploads\/2025\/07\/arboles2-150x84.jpg 150w\" sizes=\"auto, (max-width: 1010px) 100vw, 1010px\" \/><\/p>\n<p><!--more--><\/p>\n<p>Las tareas iniciaron desde hora tempranas y se desarrollaron en diferentes sectores de la ciudad, entre ellos: calle Lavalle y Balcarce; Espa\u00f1a y Cassaffousth; Av. Belgrano y Chile y Av. San Mart\u00edn y Monteagudo donde se registraron gran cantidad de ramas ca\u00eddas.<\/p>\n<p>Por tal motivo, personal de la Direcci\u00f3n de Parques y Paseos, dependiente de la Secretar\u00eda de Servicios P\u00fablicos, realiz\u00f3 el trozado y recolecci\u00f3n de ramas de grandes dimensiones, tanto de las que hab\u00edan ca\u00eddo sobre veredas y las calzadas, como tambi\u00e9n gajos que quedaron colgados. No obstante, no se tuvo que lamentar heridos ni da\u00f1os materiales de importancia. Adem\u00e1s, se restableci\u00f3 r\u00e1pidamente el tr\u00e1nsito en los lugares donde hubo cortes de calles.<\/p>\n<p>En este sentido, desde la Estaci\u00f3n Meteorol\u00f3gica Municipal dependiente de Alerta Banda se inform\u00f3 que durante la madrugada del mi\u00e9rcoles se registraron r\u00e1fagas de viento de hasta 25 km\/h por lo que se recomend\u00f3 a los vecinos extremar los cuidados para evitar inconvenientes principalmente en la v\u00eda p\u00fablica. Asimismo, se destac\u00f3 que en caso de registrarse alg\u00fan tipo de emergencia los vecinos pueden comunicarse a los n\u00fameros: 3854209837 o al 3855140924.<\/p>\n","protected":false},"excerpt":{"rendered":"<p>El personal de la Secretar\u00eda de Servicios P\u00fablicos, se encuentra trabajando intensamente en el levantamiento y corte de \u00e1rboles que fueron derribados por el fuerte viento que se desat\u00f3 en&hellip; <\/p>\n","protected":false},"author":1,"featured_media":58098,"comment_status":"closed","ping_status":"closed","sticky":false,"template":"","format":"standard","meta":{"footnotes":""},"categories":[9],"tags":[],"class_list":["post-58097","post","type-post","status-publish","format-standard","has-post-thumbnail","hentry","category-la-banda"],"_links":{"self":[{"href":"http:\/\/elurbanoweb.com.ar\/diario\/wp-json\/wp\/v2\/posts\/58097","targetHints":{"allow":["GET"]}}],"collection":[{"href":"http:\/\/elurbanoweb.com.ar\/diario\/wp-json\/wp\/v2\/posts"}],"about":[{"href":"http:\/\/elurbanoweb.com.ar\/diario\/wp-json\/wp\/v2\/types\/post"}],"author":[{"embeddable":true,"href":"http:\/\/elurbanoweb.com.ar\/diario\/wp-json\/wp\/v2\/users\/1"}],"replies":[{"embeddable":true,"href":"http:\/\/elurbanoweb.com.ar\/diario\/wp-json\/wp\/v2\/comments?post=58097"}],"version-history":[{"count":1,"href":"http:\/\/elurbanoweb.com.ar\/diario\/wp-json\/wp\/v2\/posts\/58097\/revisions"}],"predecessor-version":[{"id":58099,"href":"http:\/\/elurbanoweb.com.ar\/diario\/wp-json\/wp\/v2\/posts\/58097\/revisions\/58099"}],"wp:featuredmedia":[{"embeddable":true,"href":"http:\/\/elurbanoweb.com.ar\/diario\/wp-json\/wp\/v2\/media\/58098"}],"wp:attachment":[{"href":"http:\/\/elurbanoweb.com.ar\/diario\/wp-json\/wp\/v2\/media?parent=58097"}],"wp:term":[{"taxonomy":"category","embeddable":true,"href":"http:\/\/elurbanoweb.com.ar\/diario\/wp-json\/wp\/v2\/categories?post=58097"},{"taxonomy":"post_tag","embeddable":true,"href":"http:\/\/elurbanoweb.com.ar\/diario\/wp-json\/wp\/v2\/tags?post=58097"}],"curies":[{"name":"wp","href":"https:\/\/api.w.org\/{rel}","templated":true}]}}