{"id":58100,"date":"2025-07-16T21:34:53","date_gmt":"2025-07-17T00:34:53","guid":{"rendered":"https:\/\/elurbanoweb.com.ar\/diario\/?p=58100"},"modified":"2025-07-16T21:34:53","modified_gmt":"2025-07-17T00:34:53","slug":"con-la-inauguracion-de-importantes-obras-y-entregas-de-viviendas-sociales-loreto-festejo-sus-141-anos","status":"publish","type":"post","link":"http:\/\/elurbanoweb.com.ar\/diario\/con-la-inauguracion-de-importantes-obras-y-entregas-de-viviendas-sociales-loreto-festejo-sus-141-anos\/","title":{"rendered":"Con la inauguraci\u00f3n de importantes obras y entregas de viviendas sociales, Loreto festej\u00f3 sus 141 a\u00f1os"},"content":{"rendered":"<p>La inauguraci\u00f3n de un moderno edificio comunal, la pavimentaci\u00f3n de calles y la entrega de viviendas, entre otras obras, fue el marco de la celebraci\u00f3n del 141 aniversario de vida institucional, realizado en la siesta del martes, en la que el vicegobernador Dr. Carlos Silva Neder, en representaci\u00f3n del gobernador de la provincia, Dr. Gerardo Zamora, junto al intendente local, Ram\u00f3n Gonz\u00e1lez, encabez\u00f3 los actos centrales organizados en el marco del 141\u00b0 aniversario de la fundaci\u00f3n de la ciudad de Loreto.<\/p>\n<p><img loading=\"lazy\" decoding=\"async\" class=\"alignnone wp-image-58101 size-large\" src=\"http:\/\/elurbanoweb.com.ar\/diario\/wp-content\/uploads\/2025\/07\/loreto4-1024x820.jpg\" alt=\"\" width=\"1024\" height=\"820\" srcset=\"http:\/\/elurbanoweb.com.ar\/diario\/wp-content\/uploads\/2025\/07\/loreto4-1024x820.jpg 1024w, http:\/\/elurbanoweb.com.ar\/diario\/wp-content\/uploads\/2025\/07\/loreto4-300x240.jpg 300w, http:\/\/elurbanoweb.com.ar\/diario\/wp-content\/uploads\/2025\/07\/loreto4-150x120.jpg 150w, http:\/\/elurbanoweb.com.ar\/diario\/wp-content\/uploads\/2025\/07\/loreto4-1536x1230.jpg 1536w, http:\/\/elurbanoweb.com.ar\/diario\/wp-content\/uploads\/2025\/07\/loreto4.jpg 1599w\" sizes=\"auto, (max-width: 1024px) 100vw, 1024px\" \/><\/p>\n<p><!--more--><\/p>\n<p>A su llegada a la ciudad de Loreto, acompa\u00f1ados por el senador nacional Jos\u00e9 Emilio Neder; diputada nacional Estela Neder; ministro de Gobierno, Dr. Marcelo Barbur; subsecretario de Promoci\u00f3n Humana, Arq. Ernesto Fern\u00e1ndez; secretario Legislativo, Dr. Luis Herrera, entre otros, entregaron viviendas sociales del Programa Provincial de Erradicaci\u00f3n de Ranchos; dejaron inaugurado el nuevo edificio de la Municipalidad local; calles con pavimento articulado y realizaron una visita de obra a la nueva planta potabilizadora ubicada en el centro de la ciudad.<\/p>\n<p>Luego, en el acto central realizado en la Plaza San Mart\u00edn de esta ciudad, el Vicegobernador tramsiti\u00f3 el afectuoso saludo del gobernador Dr. Gerardo Zamora y de la senadora nacional, Dra. Claudia Ledesma Abdala de Zamora y ratific\u00f3 \u201cel compromiso del Gobierno provincial de seguir acompa\u00f1ando la gesti\u00f3n municipal en Loreto para fortalecer su desarrollo y el bienestar de la poblaci\u00f3n, haciendo realidad un Estado presente, dando respuestas en materia educativa, sanitaria, h\u00eddrica y vial, entre otras.<\/p>\n<p>Remarc\u00f3: \u201cReafirmamos un proyecto pol\u00edtico de construcci\u00f3n colectiva permanente puesta en la gesti\u00f3n y que m\u00e1s all\u00e1 de las pertenencias partidarias, estamos unidos en un proyecto com\u00fan que tiene como eje primordial el desarrollo y el progreso de Santiago del Estero\u201d.<\/p>\n<p>Ampli\u00f3: \u201cTodos formamos parte de este Santiago del Estero d\u00f3nde por sobre todas las cosas prima el di\u00e1logo sobre la base de los disensos respetuosos y a partir de all\u00ed se logran objetivos comunes que trascienden el inter\u00e9s individual de cada uno de nosotros y que sin dudas hace al bienestar general\u201d.<\/p>\n<p><img loading=\"lazy\" decoding=\"async\" class=\"alignnone wp-image-58102 size-full\" src=\"http:\/\/elurbanoweb.com.ar\/diario\/wp-content\/uploads\/2025\/07\/loreto5.jpg\" alt=\"\" width=\"1024\" height=\"681\" srcset=\"http:\/\/elurbanoweb.com.ar\/diario\/wp-content\/uploads\/2025\/07\/loreto5.jpg 1024w, http:\/\/elurbanoweb.com.ar\/diario\/wp-content\/uploads\/2025\/07\/loreto5-300x200.jpg 300w, http:\/\/elurbanoweb.com.ar\/diario\/wp-content\/uploads\/2025\/07\/loreto5-150x100.jpg 150w\" sizes=\"auto, (max-width: 1024px) 100vw, 1024px\" \/><\/p>\n<p>\u201cY en ese camino -precis\u00f3- desanda esta gesti\u00f3n municipal encabezada por el compa\u00f1ero Toto Gonz\u00e1lez en Loreto, d\u00f3nde reci\u00e9n venimos de entregar 15 viviendas sociales, inauguramos el nuevo edificio del Poder Ejecutivo Municipal y varias cuadras de pavimento. Adem\u00e1s, por disposici\u00f3n del Gobernador, en los pr\u00f3ximos d\u00edas el Intendente firmar\u00e1 convenios para la reconversi\u00f3n del edificio del antiguo mercado, en Museo C\u00edvico de Loreto y para la construcci\u00f3n de calzada de hormig\u00f3n de 20 cuadras de las calles de Loreto.<\/p>\n<p>Por su parte, el intendente Ram\u00f3n Gonz\u00e1lez, destac\u00f3 la presencia de las autoridades en el aniversario de su ciudad y agradeci\u00f3 al Gobierno de la provincia, encabezado por el gobernador Zamora, por \u201cel apoyo permanente que hoy nos permite inaugurar importantes obras que redundar\u00e1n en beneficios para nuestra comunidad\u201d.<\/p>\n<p>A su turno, el senador Jos\u00e9 Emilio Neder, expres\u00f3: \u201cSiempre es una alegr\u00eda volver al pueblo que me vio nacer y mucho m\u00e1s en esta hermosa fecha\u201c.<\/p>\n<p>Asimismo, reafirm\u00f3: \u201cDesde el Senado de la Naci\u00f3n, vamos a seguir defendiendo los intereses de todos los santiague\u00f1os y del pueblo argentino\u201d.<\/p>\n<p>En el acto, se entregaron decretos de Hu\u00e9sped de Honor. Por su parte, legisladores provinciales y municipales entregaron al intendente Gonz\u00e1lez declaraciones de inter\u00e9s emitidas por la C\u00e1mara de Diputados de la Provincia y por el Concejo Deliberante loretano, respectivamente.<\/p>\n<p>Estuvieron presentes intendentes de varias ciudades; concejales; comisionados municipales; representantes de fuerzas de seguridad nacionales y de la Polic\u00eda de la Provincia; instituciones educativas; agrupaciones tradicionalistas y vecinos de la ciudad.<\/p>\n<p>En el cierre, se realiz\u00f3 un gran desfile C\u00edvico-Militar por las calles de la ciudad.<\/p>\n","protected":false},"excerpt":{"rendered":"<p>La inauguraci\u00f3n de un moderno edificio comunal, la pavimentaci\u00f3n de calles y la entrega de viviendas, entre otras obras, fue el marco de la celebraci\u00f3n del 141 aniversario de vida&hellip; <\/p>\n","protected":false},"author":1,"featured_media":58101,"comment_status":"closed","ping_status":"closed","sticky":false,"template":"","format":"standard","meta":{"footnotes":""},"categories":[10],"tags":[],"class_list":["post-58100","post","type-post","status-publish","format-standard","has-post-thumbnail","hentry","category-interior"],"_links":{"self":[{"href":"http:\/\/elurbanoweb.com.ar\/diario\/wp-json\/wp\/v2\/posts\/58100","targetHints":{"allow":["GET"]}}],"collection":[{"href":"http:\/\/elurbanoweb.com.ar\/diario\/wp-json\/wp\/v2\/posts"}],"about":[{"href":"http:\/\/elurbanoweb.com.ar\/diario\/wp-json\/wp\/v2\/types\/post"}],"author":[{"embeddable":true,"href":"http:\/\/elurbanoweb.com.ar\/diario\/wp-json\/wp\/v2\/users\/1"}],"replies":[{"embeddable":true,"href":"http:\/\/elurbanoweb.com.ar\/diario\/wp-json\/wp\/v2\/comments?post=58100"}],"version-history":[{"count":1,"href":"http:\/\/elurbanoweb.com.ar\/diario\/wp-json\/wp\/v2\/posts\/58100\/revisions"}],"predecessor-version":[{"id":58103,"href":"http:\/\/elurbanoweb.com.ar\/diario\/wp-json\/wp\/v2\/posts\/58100\/revisions\/58103"}],"wp:featuredmedia":[{"embeddable":true,"href":"http:\/\/elurbanoweb.com.ar\/diario\/wp-json\/wp\/v2\/media\/58101"}],"wp:attachment":[{"href":"http:\/\/elurbanoweb.com.ar\/diario\/wp-json\/wp\/v2\/media?parent=58100"}],"wp:term":[{"taxonomy":"category","embeddable":true,"href":"http:\/\/elurbanoweb.com.ar\/diario\/wp-json\/wp\/v2\/categories?post=58100"},{"taxonomy":"post_tag","embeddable":true,"href":"http:\/\/elurbanoweb.com.ar\/diario\/wp-json\/wp\/v2\/tags?post=58100"}],"curies":[{"name":"wp","href":"https:\/\/api.w.org\/{rel}","templated":true}]}}