{"id":58104,"date":"2025-07-16T21:36:38","date_gmt":"2025-07-17T00:36:38","guid":{"rendered":"https:\/\/elurbanoweb.com.ar\/diario\/?p=58104"},"modified":"2025-07-16T21:36:38","modified_gmt":"2025-07-17T00:36:38","slug":"la-intendente-fuentes-acompanada-de-vecinos-funcionarios-y-personal-de-la-municipalidad-recibieron-la-visita-de-la-imagen-de-nuestra-senora-del-carmen-en-el-edificio-de-la-casa-central","status":"publish","type":"post","link":"http:\/\/elurbanoweb.com.ar\/diario\/la-intendente-fuentes-acompanada-de-vecinos-funcionarios-y-personal-de-la-municipalidad-recibieron-la-visita-de-la-imagen-de-nuestra-senora-del-carmen-en-el-edificio-de-la-casa-central\/","title":{"rendered":"La intendente Fuentes acompa\u00f1ada de vecinos, funcionarios y personal de la municipalidad recibieron la visita de la imagen de Nuestra Se\u00f1ora del Carmen en el edificio de la casa central"},"content":{"rendered":"<p>La intendente de la Capital, Ing. Norma Fuentes, recibi\u00f3 en el palacio municipal la visita de la imagen de Nuestra Se\u00f1ora del Carmen, Patrona de la Ciudad, en el marco de su festividad y de las celebraciones religiosas que se llevan adelante por el 472\u00b0 aniversario de la Madre de Ciudades.<\/p>\n<p><img loading=\"lazy\" decoding=\"async\" class=\"alignnone wp-image-58105 size-large\" src=\"http:\/\/elurbanoweb.com.ar\/diario\/wp-content\/uploads\/2025\/07\/virgen-1-1024x682.jpg\" alt=\"\" width=\"1024\" height=\"682\" srcset=\"http:\/\/elurbanoweb.com.ar\/diario\/wp-content\/uploads\/2025\/07\/virgen-1-1024x682.jpg 1024w, http:\/\/elurbanoweb.com.ar\/diario\/wp-content\/uploads\/2025\/07\/virgen-1-300x200.jpg 300w, http:\/\/elurbanoweb.com.ar\/diario\/wp-content\/uploads\/2025\/07\/virgen-1-150x100.jpg 150w, http:\/\/elurbanoweb.com.ar\/diario\/wp-content\/uploads\/2025\/07\/virgen-1-1536x1023.jpg 1536w, http:\/\/elurbanoweb.com.ar\/diario\/wp-content\/uploads\/2025\/07\/virgen-1.jpg 1600w\" sizes=\"auto, (max-width: 1024px) 100vw, 1024px\" \/><\/p>\n<p><!--more--> Tambi\u00e9n participaron del acto de recepci\u00f3n el presidente del Concejo Deliberante, Humberto Santill\u00e1n; los funcionarios del gabinete municipal, concejales, empleados municipales, vecinos y turistas.<\/p>\n<p>Rolando Tenti, p\u00e1rroco de la Catedral Bas\u00edlica, estuvo a cargo de oficiar la ceremonia, donde hizo una evocaci\u00f3n religiosa y pidi\u00f3 a trav\u00e9s de una oraci\u00f3n la bendici\u00f3n para las autoridades, los empleados y los vecinos de la ciudad.<\/p>\n<p>La imagen fue trasladada por personal de la comuna desde la Catedral hasta el patio interno de la sede municipal, donde se llev\u00f3 a cabo una celebraci\u00f3n y permaneci\u00f3 hasta el mediod\u00eda para recibir la gracia de sus devotos.<\/p>\n<p>Adem\u00e1s, se realiz\u00f3 la bendici\u00f3n de las im\u00e1genes de la Virgen del Carmen y de Mama Antula que se instalaron en el ingreso al palacio municipal.<\/p>\n<p>En este sentido, la Ing. Fuentes pidi\u00f3 a la patrona de los santiague\u00f1os \u00abque nos cuide a todos con su manto protector, especialmente a los trabajadores del municipio, para que nunca les falte el pan ni la salud\u00bb.<\/p>\n<p>\u00abEsperamos seguir fortaleciendo a la familia, construyendo la uni\u00f3n, la armon\u00eda y el respeto hacia el otro, sin odios y sin violencias, para alcanzar una sociedad m\u00e1s humana y mejor para todos\u00bb, expres\u00f3.<\/p>\n","protected":false},"excerpt":{"rendered":"<p>La intendente de la Capital, Ing. Norma Fuentes, recibi\u00f3 en el palacio municipal la visita de la imagen de Nuestra Se\u00f1ora del Carmen, Patrona de la Ciudad, en el marco&hellip; <\/p>\n","protected":false},"author":1,"featured_media":58105,"comment_status":"closed","ping_status":"closed","sticky":false,"template":"","format":"standard","meta":{"footnotes":""},"categories":[3],"tags":[],"class_list":["post-58104","post","type-post","status-publish","format-standard","has-post-thumbnail","hentry","category-municipio"],"_links":{"self":[{"href":"http:\/\/elurbanoweb.com.ar\/diario\/wp-json\/wp\/v2\/posts\/58104","targetHints":{"allow":["GET"]}}],"collection":[{"href":"http:\/\/elurbanoweb.com.ar\/diario\/wp-json\/wp\/v2\/posts"}],"about":[{"href":"http:\/\/elurbanoweb.com.ar\/diario\/wp-json\/wp\/v2\/types\/post"}],"author":[{"embeddable":true,"href":"http:\/\/elurbanoweb.com.ar\/diario\/wp-json\/wp\/v2\/users\/1"}],"replies":[{"embeddable":true,"href":"http:\/\/elurbanoweb.com.ar\/diario\/wp-json\/wp\/v2\/comments?post=58104"}],"version-history":[{"count":1,"href":"http:\/\/elurbanoweb.com.ar\/diario\/wp-json\/wp\/v2\/posts\/58104\/revisions"}],"predecessor-version":[{"id":58106,"href":"http:\/\/elurbanoweb.com.ar\/diario\/wp-json\/wp\/v2\/posts\/58104\/revisions\/58106"}],"wp:featuredmedia":[{"embeddable":true,"href":"http:\/\/elurbanoweb.com.ar\/diario\/wp-json\/wp\/v2\/media\/58105"}],"wp:attachment":[{"href":"http:\/\/elurbanoweb.com.ar\/diario\/wp-json\/wp\/v2\/media?parent=58104"}],"wp:term":[{"taxonomy":"category","embeddable":true,"href":"http:\/\/elurbanoweb.com.ar\/diario\/wp-json\/wp\/v2\/categories?post=58104"},{"taxonomy":"post_tag","embeddable":true,"href":"http:\/\/elurbanoweb.com.ar\/diario\/wp-json\/wp\/v2\/tags?post=58104"}],"curies":[{"name":"wp","href":"https:\/\/api.w.org\/{rel}","templated":true}]}}