{"id":58107,"date":"2025-07-16T21:38:40","date_gmt":"2025-07-17T00:38:40","guid":{"rendered":"https:\/\/elurbanoweb.com.ar\/diario\/?p=58107"},"modified":"2025-07-16T21:38:40","modified_gmt":"2025-07-17T00:38:40","slug":"areas-operativas-de-la-municipalidad-de-la-capital-trabajaron-para-retirar-de-la-via-publica-arboles-y-gajos-caidos-por-el-fuerte-viento","status":"publish","type":"post","link":"http:\/\/elurbanoweb.com.ar\/diario\/areas-operativas-de-la-municipalidad-de-la-capital-trabajaron-para-retirar-de-la-via-publica-arboles-y-gajos-caidos-por-el-fuerte-viento\/","title":{"rendered":"\u00c1reas operativas de la Municipalidad de la Capital trabajaron para retirar de la v\u00eda p\u00fablica \u00e1rboles y gajos ca\u00eddos por el fuerte viento"},"content":{"rendered":"<p>Se realizaron estas tareas en los barrios Alberdi, San Mart\u00edn, Borges, entre otros.<\/p>\n<p><img loading=\"lazy\" decoding=\"async\" class=\"alignnone wp-image-58108 size-large\" src=\"http:\/\/elurbanoweb.com.ar\/diario\/wp-content\/uploads\/2025\/07\/caidos2-1024x575.jpg\" alt=\"\" width=\"1024\" height=\"575\" srcset=\"http:\/\/elurbanoweb.com.ar\/diario\/wp-content\/uploads\/2025\/07\/caidos2-1024x575.jpg 1024w, http:\/\/elurbanoweb.com.ar\/diario\/wp-content\/uploads\/2025\/07\/caidos2-300x169.jpg 300w, http:\/\/elurbanoweb.com.ar\/diario\/wp-content\/uploads\/2025\/07\/caidos2-150x84.jpg 150w, http:\/\/elurbanoweb.com.ar\/diario\/wp-content\/uploads\/2025\/07\/caidos2.jpg 1280w\" sizes=\"auto, (max-width: 1024px) 100vw, 1024px\" \/><\/p>\n<p><!--more--><\/p>\n","protected":false},"excerpt":{"rendered":"<p>Se realizaron estas tareas en los barrios Alberdi, San Mart\u00edn, Borges, entre otros.<\/p>\n","protected":false},"author":1,"featured_media":58108,"comment_status":"closed","ping_status":"closed","sticky":false,"template":"","format":"standard","meta":{"footnotes":""},"categories":[3],"tags":[],"class_list":["post-58107","post","type-post","status-publish","format-standard","has-post-thumbnail","hentry","category-municipio"],"_links":{"self":[{"href":"http:\/\/elurbanoweb.com.ar\/diario\/wp-json\/wp\/v2\/posts\/58107","targetHints":{"allow":["GET"]}}],"collection":[{"href":"http:\/\/elurbanoweb.com.ar\/diario\/wp-json\/wp\/v2\/posts"}],"about":[{"href":"http:\/\/elurbanoweb.com.ar\/diario\/wp-json\/wp\/v2\/types\/post"}],"author":[{"embeddable":true,"href":"http:\/\/elurbanoweb.com.ar\/diario\/wp-json\/wp\/v2\/users\/1"}],"replies":[{"embeddable":true,"href":"http:\/\/elurbanoweb.com.ar\/diario\/wp-json\/wp\/v2\/comments?post=58107"}],"version-history":[{"count":1,"href":"http:\/\/elurbanoweb.com.ar\/diario\/wp-json\/wp\/v2\/posts\/58107\/revisions"}],"predecessor-version":[{"id":58109,"href":"http:\/\/elurbanoweb.com.ar\/diario\/wp-json\/wp\/v2\/posts\/58107\/revisions\/58109"}],"wp:featuredmedia":[{"embeddable":true,"href":"http:\/\/elurbanoweb.com.ar\/diario\/wp-json\/wp\/v2\/media\/58108"}],"wp:attachment":[{"href":"http:\/\/elurbanoweb.com.ar\/diario\/wp-json\/wp\/v2\/media?parent=58107"}],"wp:term":[{"taxonomy":"category","embeddable":true,"href":"http:\/\/elurbanoweb.com.ar\/diario\/wp-json\/wp\/v2\/categories?post=58107"},{"taxonomy":"post_tag","embeddable":true,"href":"http:\/\/elurbanoweb.com.ar\/diario\/wp-json\/wp\/v2\/tags?post=58107"}],"curies":[{"name":"wp","href":"https:\/\/api.w.org\/{rel}","templated":true}]}}