{"id":58110,"date":"2025-07-16T21:44:06","date_gmt":"2025-07-17T00:44:06","guid":{"rendered":"https:\/\/elurbanoweb.com.ar\/diario\/?p=58110"},"modified":"2025-07-16T21:44:06","modified_gmt":"2025-07-17T00:44:06","slug":"el-jefe-de-gabinete-participo-del-acto-por-los-91-anos-del-servicio-penitenciario-provincial","status":"publish","type":"post","link":"http:\/\/elurbanoweb.com.ar\/diario\/el-jefe-de-gabinete-participo-del-acto-por-los-91-anos-del-servicio-penitenciario-provincial\/","title":{"rendered":"El Jefe de Gabinete particip\u00f3 del acto por los 91 a\u00f1os del Servicio Penitenciario Provincial"},"content":{"rendered":"<p>El jefe de Gabinete, El\u00edas Su\u00e1rez, presidi\u00f3 este mi\u00e9rcoles el acto en conmemoraci\u00f3n por el 91\u00b0 aniversario del Servicio Penitenciario Provincial y por el D\u00eda del Agente Penitenciario, que se llev\u00f3 a cabo en el Complejo N\u00b0 4 de Colonia Pinto.<\/p>\n<p><img loading=\"lazy\" decoding=\"async\" class=\"alignnone wp-image-58111 size-large\" src=\"http:\/\/elurbanoweb.com.ar\/diario\/wp-content\/uploads\/2025\/07\/pinto1-1024x653.jpg\" alt=\"\" width=\"1024\" height=\"653\" srcset=\"http:\/\/elurbanoweb.com.ar\/diario\/wp-content\/uploads\/2025\/07\/pinto1-1024x653.jpg 1024w, http:\/\/elurbanoweb.com.ar\/diario\/wp-content\/uploads\/2025\/07\/pinto1-300x191.jpg 300w, http:\/\/elurbanoweb.com.ar\/diario\/wp-content\/uploads\/2025\/07\/pinto1-150x96.jpg 150w, http:\/\/elurbanoweb.com.ar\/diario\/wp-content\/uploads\/2025\/07\/pinto1-1536x979.jpg 1536w, http:\/\/elurbanoweb.com.ar\/diario\/wp-content\/uploads\/2025\/07\/pinto1.jpg 1600w\" sizes=\"auto, (max-width: 1024px) 100vw, 1024px\" \/><\/p>\n<p><!--more--><\/p>\n<p>Estuvo acompa\u00f1ando por la ministra de Justicia, Matilde O\u2019Mill; el subsecretario de Justicia, Ramiro Santill\u00e1n; la directora general del Servicio Penitenciario Provincial, Mar\u00eda Rosa Coria y la presidente de la C\u00e1mara de Diputados de la provincia, Norma Abdala de Matarazzo y dem\u00e1s funcionarios de la fuerza, familiares y vecinos.<\/p>\n<p>La ceremonia comenz\u00f3 con la colocaci\u00f3n de ofrendas florales en homenaje a la Virgen del Carmen, patrona del Servicio Penitenciario, a cargo del sub alcaide Cristian Guzm\u00e1n y de la sub ayudante Laura Vallejos.<\/p>\n<p><img loading=\"lazy\" decoding=\"async\" class=\"alignnone wp-image-58112 size-full\" src=\"http:\/\/elurbanoweb.com.ar\/diario\/wp-content\/uploads\/2025\/07\/pinto2.jpg\" alt=\"\" width=\"1024\" height=\"682\" srcset=\"http:\/\/elurbanoweb.com.ar\/diario\/wp-content\/uploads\/2025\/07\/pinto2.jpg 1024w, http:\/\/elurbanoweb.com.ar\/diario\/wp-content\/uploads\/2025\/07\/pinto2-300x200.jpg 300w, http:\/\/elurbanoweb.com.ar\/diario\/wp-content\/uploads\/2025\/07\/pinto2-150x100.jpg 150w\" sizes=\"auto, (max-width: 1024px) 100vw, 1024px\" \/><\/p>\n<p>Al hacer uso de la palabra, la directora del Servicio Penitenciario resalt\u00f3 el trabajo de los agentes durante este a\u00f1o. Dijo: \u201cHemos sido testigos del compromiso, la entrega y vocaci\u00f3n de servicio de quienes d\u00eda a d\u00eda desempe\u00f1an una de las tareas m\u00e1s exigentes, comprometidas y esenciales del sistema de justicia, como la labor penitenciaria\u201d.<\/p>\n<p>Agradeci\u00f3 tambi\u00e9n al gobernador Gerardo Zamora y todas las autoridades provinciales por su respaldo \u201ccon pol\u00edticas p\u00fablicas claras, firmes y humanas que nos impulsan a seguir trabajando con compromiso\u201d.<\/p>\n<p>A su turno, la ministra de Justicia salud\u00f3 a los agentes en su d\u00eda. \u201cEst\u00e1n construyendo un servicio penitenciario distinto, es mucho m\u00e1s profesional, pero tambi\u00e9n m\u00e1s humano, m\u00e1s justo y m\u00e1s consciente de su papel dentro del entramado social\u201d, resalt\u00f3.<\/p>\n<p>Agreg\u00f3: \u201cEs un rol que requiere, no solo competencias t\u00e9cnicas, sino tambi\u00e9n una formaci\u00f3n \u00e9tica y pol\u00edtica, acorde a los desaf\u00edos de la democracia que aspira a una dignidad humana\u201d.<\/p>\n<p>Posteriormente las autoridades hicieron entrega de reconocimientos al personal del Servicio Penitenciario.<\/p>\n<p>El acto finaliz\u00f3 con un desfile del personal del Servicio Penitenciario Provincial encabezado por la Virgen del Carmen.<\/p>\n<p>Luego, el jefe de Gabinete y dem\u00e1s funcionarios recorrieron una muestra de artesan\u00edas y gastronom\u00eda que se realiz\u00f3 en el en el complejo con la participaci\u00f3n de cooperativas que trabajan con el personal de los penales de la provincia.<\/p>\n","protected":false},"excerpt":{"rendered":"<p>El jefe de Gabinete, El\u00edas Su\u00e1rez, presidi\u00f3 este mi\u00e9rcoles el acto en conmemoraci\u00f3n por el 91\u00b0 aniversario del Servicio Penitenciario Provincial y por el D\u00eda del Agente Penitenciario, que se&hellip; <\/p>\n","protected":false},"author":1,"featured_media":58111,"comment_status":"closed","ping_status":"closed","sticky":false,"template":"","format":"standard","meta":{"footnotes":""},"categories":[10],"tags":[],"class_list":["post-58110","post","type-post","status-publish","format-standard","has-post-thumbnail","hentry","category-interior"],"_links":{"self":[{"href":"http:\/\/elurbanoweb.com.ar\/diario\/wp-json\/wp\/v2\/posts\/58110","targetHints":{"allow":["GET"]}}],"collection":[{"href":"http:\/\/elurbanoweb.com.ar\/diario\/wp-json\/wp\/v2\/posts"}],"about":[{"href":"http:\/\/elurbanoweb.com.ar\/diario\/wp-json\/wp\/v2\/types\/post"}],"author":[{"embeddable":true,"href":"http:\/\/elurbanoweb.com.ar\/diario\/wp-json\/wp\/v2\/users\/1"}],"replies":[{"embeddable":true,"href":"http:\/\/elurbanoweb.com.ar\/diario\/wp-json\/wp\/v2\/comments?post=58110"}],"version-history":[{"count":1,"href":"http:\/\/elurbanoweb.com.ar\/diario\/wp-json\/wp\/v2\/posts\/58110\/revisions"}],"predecessor-version":[{"id":58113,"href":"http:\/\/elurbanoweb.com.ar\/diario\/wp-json\/wp\/v2\/posts\/58110\/revisions\/58113"}],"wp:featuredmedia":[{"embeddable":true,"href":"http:\/\/elurbanoweb.com.ar\/diario\/wp-json\/wp\/v2\/media\/58111"}],"wp:attachment":[{"href":"http:\/\/elurbanoweb.com.ar\/diario\/wp-json\/wp\/v2\/media?parent=58110"}],"wp:term":[{"taxonomy":"category","embeddable":true,"href":"http:\/\/elurbanoweb.com.ar\/diario\/wp-json\/wp\/v2\/categories?post=58110"},{"taxonomy":"post_tag","embeddable":true,"href":"http:\/\/elurbanoweb.com.ar\/diario\/wp-json\/wp\/v2\/tags?post=58110"}],"curies":[{"name":"wp","href":"https:\/\/api.w.org\/{rel}","templated":true}]}}