{"id":58117,"date":"2025-07-17T09:16:01","date_gmt":"2025-07-17T12:16:01","guid":{"rendered":"https:\/\/elurbanoweb.com.ar\/diario\/?p=58117"},"modified":"2025-07-17T09:16:01","modified_gmt":"2025-07-17T12:16:01","slug":"se-realizara-una-jornada-inclusiva-con-feria-de-emprendedores-y-actividades-recreativas-en-plaza-belgrano-2","status":"publish","type":"post","link":"http:\/\/elurbanoweb.com.ar\/diario\/se-realizara-una-jornada-inclusiva-con-feria-de-emprendedores-y-actividades-recreativas-en-plaza-belgrano-2\/","title":{"rendered":"Se realizar\u00e1 una jornada inclusiva con feria de emprendedores y actividades recreativas en Plaza Belgrano"},"content":{"rendered":"<p>Como parte de las pol\u00edticas p\u00fablicas impulsadas desde la gesti\u00f3n del intendente Ing. Roger E. Nediani, la Direcci\u00f3n de Discapacidad de la Municipalidad de La Banda, anunci\u00f3 la realizaci\u00f3n de una nueva propuesta pensada en fomentar la inclusi\u00f3n, el emprendedurismo y el acceso igualitario a espacios de participaci\u00f3n para personas con discapacidad.<\/p>\n<p><img loading=\"lazy\" decoding=\"async\" class=\"alignnone wp-image-58118 size-full\" src=\"http:\/\/elurbanoweb.com.ar\/diario\/wp-content\/uploads\/2025\/07\/feria2.jpg\" alt=\"\" width=\"1010\" height=\"567\" srcset=\"http:\/\/elurbanoweb.com.ar\/diario\/wp-content\/uploads\/2025\/07\/feria2.jpg 1010w, http:\/\/elurbanoweb.com.ar\/diario\/wp-content\/uploads\/2025\/07\/feria2-300x168.jpg 300w, http:\/\/elurbanoweb.com.ar\/diario\/wp-content\/uploads\/2025\/07\/feria2-150x84.jpg 150w\" sizes=\"auto, (max-width: 1010px) 100vw, 1010px\" \/><\/p>\n<p><!--more--><\/p>\n<p>Se trata de \u201cTarde Inclusiva con Ritmos y Feria de Emprendedores\u201d, una iniciativa que se llevar\u00e1 a cabo el pr\u00f3ximo s\u00e1bado 19 a las 15 en la Plaza Manuel Belgrano, con el objetivo de generar un espacio integrador, accesible y participativo para toda la comunidad.<\/p>\n<p>Adem\u00e1s de la feria, el evento contar\u00e1 con una serie de actividades recreativas para disfrutar en familia, como clases abiertas de distintos ritmos, como folclore, zumba y salsa.<\/p>\n<p>En ese sentido, la directora del \u00e1rea, Alejandra Nallar, explic\u00f3: \u201cEsta propuesta nace con la intenci\u00f3n de brindar oportunidades laborales, de visibilizaci\u00f3n y de comercializaci\u00f3n a personas con discapacidad que deseen mostrar y vender sus productos. As\u00ed como ya lo venimos haciendo con ferias de emprendedores en general, creemos fundamental que estas herramientas tambi\u00e9n deben estar disponibles para todos y todas en igualdad de condiciones\u201d.<\/p>\n<p>Con esta iniciativa la Municipalidad de La Banda reafirma su compromiso con la construcci\u00f3n de una ciudad inclusiva, promoviendo acciones concretas que garanticen los derechos y la plena participaci\u00f3n de las personas con discapacidad en todos los \u00e1mbitos de la vida social, econ\u00f3mica y cultural.<\/p>\n","protected":false},"excerpt":{"rendered":"<p>Como parte de las pol\u00edticas p\u00fablicas impulsadas desde la gesti\u00f3n del intendente Ing. Roger E. Nediani, la Direcci\u00f3n de Discapacidad de la Municipalidad de La Banda, anunci\u00f3 la realizaci\u00f3n de&hellip; <\/p>\n","protected":false},"author":1,"featured_media":58118,"comment_status":"closed","ping_status":"closed","sticky":false,"template":"","format":"standard","meta":{"footnotes":""},"categories":[9],"tags":[],"class_list":["post-58117","post","type-post","status-publish","format-standard","has-post-thumbnail","hentry","category-la-banda"],"_links":{"self":[{"href":"http:\/\/elurbanoweb.com.ar\/diario\/wp-json\/wp\/v2\/posts\/58117","targetHints":{"allow":["GET"]}}],"collection":[{"href":"http:\/\/elurbanoweb.com.ar\/diario\/wp-json\/wp\/v2\/posts"}],"about":[{"href":"http:\/\/elurbanoweb.com.ar\/diario\/wp-json\/wp\/v2\/types\/post"}],"author":[{"embeddable":true,"href":"http:\/\/elurbanoweb.com.ar\/diario\/wp-json\/wp\/v2\/users\/1"}],"replies":[{"embeddable":true,"href":"http:\/\/elurbanoweb.com.ar\/diario\/wp-json\/wp\/v2\/comments?post=58117"}],"version-history":[{"count":1,"href":"http:\/\/elurbanoweb.com.ar\/diario\/wp-json\/wp\/v2\/posts\/58117\/revisions"}],"predecessor-version":[{"id":58119,"href":"http:\/\/elurbanoweb.com.ar\/diario\/wp-json\/wp\/v2\/posts\/58117\/revisions\/58119"}],"wp:featuredmedia":[{"embeddable":true,"href":"http:\/\/elurbanoweb.com.ar\/diario\/wp-json\/wp\/v2\/media\/58118"}],"wp:attachment":[{"href":"http:\/\/elurbanoweb.com.ar\/diario\/wp-json\/wp\/v2\/media?parent=58117"}],"wp:term":[{"taxonomy":"category","embeddable":true,"href":"http:\/\/elurbanoweb.com.ar\/diario\/wp-json\/wp\/v2\/categories?post=58117"},{"taxonomy":"post_tag","embeddable":true,"href":"http:\/\/elurbanoweb.com.ar\/diario\/wp-json\/wp\/v2\/tags?post=58117"}],"curies":[{"name":"wp","href":"https:\/\/api.w.org\/{rel}","templated":true}]}}