{"id":58120,"date":"2025-07-17T09:21:12","date_gmt":"2025-07-17T12:21:12","guid":{"rendered":"https:\/\/elurbanoweb.com.ar\/diario\/?p=58120"},"modified":"2025-07-17T09:21:12","modified_gmt":"2025-07-17T12:21:12","slug":"en-la-municipalidad-se-presento-oficialmente-la-marcha-de-los-bombos-y-de-las-cuerdas-y-los-fuelles-santiaguenos","status":"publish","type":"post","link":"http:\/\/elurbanoweb.com.ar\/diario\/en-la-municipalidad-se-presento-oficialmente-la-marcha-de-los-bombos-y-de-las-cuerdas-y-los-fuelles-santiaguenos\/","title":{"rendered":"En la Municipalidad se present\u00f3 oficialmente la Marcha de los Bombos y de las Cuerdas y los Fuelles Santiague\u00f1os"},"content":{"rendered":"<p>La intendente de la Capital, Ing. Norma Fuentes y el subsecretario de Cultura de la provincia, Juan Leguizam\u00f3n; anunciaron oficialmente las nuevas ediciones de la Marcha de los Bombos y de la Marcha de las Cuerdas y los Fuelles, que se llevar\u00e1n a cabo el pr\u00f3ximo s\u00e1bado 19.<\/p>\n<p><img loading=\"lazy\" decoding=\"async\" class=\"alignnone wp-image-58121 size-full\" src=\"http:\/\/elurbanoweb.com.ar\/diario\/wp-content\/uploads\/2025\/07\/marcha2.jpg\" alt=\"\" width=\"1010\" height=\"567\" srcset=\"http:\/\/elurbanoweb.com.ar\/diario\/wp-content\/uploads\/2025\/07\/marcha2.jpg 1010w, http:\/\/elurbanoweb.com.ar\/diario\/wp-content\/uploads\/2025\/07\/marcha2-300x168.jpg 300w, http:\/\/elurbanoweb.com.ar\/diario\/wp-content\/uploads\/2025\/07\/marcha2-150x84.jpg 150w\" sizes=\"auto, (max-width: 1010px) 100vw, 1010px\" \/><\/p>\n<p><!--more--><\/p>\n<p>Tambi\u00e9n estuvieron en forma conjunta en la conferencia, los organizadores de ambas convocatorias; Froil\u00e1n Gonz\u00e1lez, Tere Castronuovo y Eduardo Mizoguchi por la Marcha de los Bombos; y Mercedes Demti por la Marcha de las Cuerdas y los Fuelles.<\/p>\n<p>Las columnas de la Marcha de los Bombos partir\u00e1n a las 10 de la ma\u00f1ana desde puntos estrat\u00e9gicos: la norte desde el Patio del Indio Froil\u00e1n y la del sur desde el Arco de Ingreso de la avenida Belgrano. En tanto, la Marcha de las Cuerdas y los Fuelles saldr\u00e1 desde la parroquia San Francisco Solano; convergiendo todas en la plaza Libertad para luego dirigirse y finalizar su recorrido en el parque Aguirre.<\/p>\n<p>En este sentido, la jefa comunal resalt\u00f3 \u00abla oportunidad de seguir acompa\u00f1ando estos eventos populares que comenzaron a gestarse cuando el actual gobernador, Gerardo Zamora, era intendente y pensaba c\u00f3mo poner al ser santiague\u00f1o en el eje de los festejos, con alegr\u00eda y hermandad\u00bb.<\/p>\n<p>Por su parte, Leguizam\u00f3n remarc\u00f3 que esta marcha es un punto de encuentro y \u00abel bombo es un emblema santiague\u00f1o, pues es el instrumento m\u00e1s democr\u00e1tico, que todos pueden tocar, disfrutar y expresarse a trav\u00e9s de \u00e9l, compartiendo con otros la alegr\u00eda de estar juntos en comunidad\u00bb.<\/p>\n<p>En tanto, Gonz\u00e1lez destac\u00f3 que \u00abestas marchas han traspasado los l\u00edmites provinciales y nacionales, desarroll\u00e1ndose de manera ininterrumpida hace 23 a\u00f1os y sumando en cada edici\u00f3n a una mayor cantidad de gente\u00bb.<\/p>\n<p>A su vez, Castronuovo expres\u00f3 su satisfacci\u00f3n \u00abpor poder seguir realizando en nuestra provincia estos encuentros tan fundamentales para la cultura, defendiendo nuestra identidad a\u00fan en los momentos adversos\u00bb.<\/p>\n<p>A su turno, Mizoguchi celebr\u00f3 \u00abla oportunidad de homenajear una vez m\u00e1s a nuestras tradiciones, con m\u00fasica, danzas y gastronom\u00eda, mostrando con orgullo la camarader\u00eda que nos caracteriza a los santiague\u00f1os\u00bb.<\/p>\n<p>Finalmente, Demti valor\u00f3 \u00abque los gobiernos provincial y municipal sigan apoyando la cultura y el deporte, que son fundamentales para el bienestar psicol\u00f3gico, an\u00edmico y espiritual de los vecinos y de los turistas, contagiando alegr\u00eda y disminuyendo el estr\u00e9s\u00bb.<\/p>\n","protected":false},"excerpt":{"rendered":"<p>La intendente de la Capital, Ing. Norma Fuentes y el subsecretario de Cultura de la provincia, Juan Leguizam\u00f3n; anunciaron oficialmente las nuevas ediciones de la Marcha de los Bombos y&hellip; <\/p>\n","protected":false},"author":1,"featured_media":58121,"comment_status":"closed","ping_status":"closed","sticky":false,"template":"","format":"standard","meta":{"footnotes":""},"categories":[3],"tags":[],"class_list":["post-58120","post","type-post","status-publish","format-standard","has-post-thumbnail","hentry","category-municipio"],"_links":{"self":[{"href":"http:\/\/elurbanoweb.com.ar\/diario\/wp-json\/wp\/v2\/posts\/58120","targetHints":{"allow":["GET"]}}],"collection":[{"href":"http:\/\/elurbanoweb.com.ar\/diario\/wp-json\/wp\/v2\/posts"}],"about":[{"href":"http:\/\/elurbanoweb.com.ar\/diario\/wp-json\/wp\/v2\/types\/post"}],"author":[{"embeddable":true,"href":"http:\/\/elurbanoweb.com.ar\/diario\/wp-json\/wp\/v2\/users\/1"}],"replies":[{"embeddable":true,"href":"http:\/\/elurbanoweb.com.ar\/diario\/wp-json\/wp\/v2\/comments?post=58120"}],"version-history":[{"count":1,"href":"http:\/\/elurbanoweb.com.ar\/diario\/wp-json\/wp\/v2\/posts\/58120\/revisions"}],"predecessor-version":[{"id":58122,"href":"http:\/\/elurbanoweb.com.ar\/diario\/wp-json\/wp\/v2\/posts\/58120\/revisions\/58122"}],"wp:featuredmedia":[{"embeddable":true,"href":"http:\/\/elurbanoweb.com.ar\/diario\/wp-json\/wp\/v2\/media\/58121"}],"wp:attachment":[{"href":"http:\/\/elurbanoweb.com.ar\/diario\/wp-json\/wp\/v2\/media?parent=58120"}],"wp:term":[{"taxonomy":"category","embeddable":true,"href":"http:\/\/elurbanoweb.com.ar\/diario\/wp-json\/wp\/v2\/categories?post=58120"},{"taxonomy":"post_tag","embeddable":true,"href":"http:\/\/elurbanoweb.com.ar\/diario\/wp-json\/wp\/v2\/tags?post=58120"}],"curies":[{"name":"wp","href":"https:\/\/api.w.org\/{rel}","templated":true}]}}