{"id":58123,"date":"2025-07-17T09:24:17","date_gmt":"2025-07-17T12:24:17","guid":{"rendered":"https:\/\/elurbanoweb.com.ar\/diario\/?p=58123"},"modified":"2025-07-17T09:24:17","modified_gmt":"2025-07-17T12:24:17","slug":"la-municipalidad-invita-en-la-retreta-al-taller-gratuito-de-bombo","status":"publish","type":"post","link":"http:\/\/elurbanoweb.com.ar\/diario\/la-municipalidad-invita-en-la-retreta-al-taller-gratuito-de-bombo\/","title":{"rendered":"La Municipalidad invita en la retreta al taller gratuito de bombo"},"content":{"rendered":"<p>Dio comienzo en la retreta de plaza Libertad, el taller gratuito de bombo organizado por el Centro de Educaci\u00f3n para el Arte de la Municipalidad de la Capital y en preparaci\u00f3n a la tradicional Marcha de los Bombos.<\/p>\n<p><img loading=\"lazy\" decoding=\"async\" class=\"alignnone wp-image-58124 size-large\" src=\"http:\/\/elurbanoweb.com.ar\/diario\/wp-content\/uploads\/2025\/07\/bombos-1024x768.jpg\" alt=\"\" width=\"1024\" height=\"768\" srcset=\"http:\/\/elurbanoweb.com.ar\/diario\/wp-content\/uploads\/2025\/07\/bombos-1024x768.jpg 1024w, http:\/\/elurbanoweb.com.ar\/diario\/wp-content\/uploads\/2025\/07\/bombos-300x225.jpg 300w, http:\/\/elurbanoweb.com.ar\/diario\/wp-content\/uploads\/2025\/07\/bombos-150x113.jpg 150w, http:\/\/elurbanoweb.com.ar\/diario\/wp-content\/uploads\/2025\/07\/bombos-1536x1152.jpg 1536w, http:\/\/elurbanoweb.com.ar\/diario\/wp-content\/uploads\/2025\/07\/bombos.jpg 2048w\" sizes=\"auto, (max-width: 1024px) 100vw, 1024px\" \/><\/p>\n<p><!--more--> La iniciativa destinada a personas de todas las edades, continuar\u00e1 \u00e9ste jueves 17 y el viernes 18 en los horarios de 11 a 13 por la ma\u00f1ana y de 17.30 a 19.30 en el horario de la tarde.<\/p>\n<p>El taller es dictado por Ramiro Ju\u00e1rez Ley, y quienes asistan deber\u00e1n hacerlo con su instrumento de percusi\u00f3n.<\/p>\n","protected":false},"excerpt":{"rendered":"<p>Dio comienzo en la retreta de plaza Libertad, el taller gratuito de bombo organizado por el Centro de Educaci\u00f3n para el Arte de la Municipalidad de la Capital y en&hellip; <\/p>\n","protected":false},"author":1,"featured_media":58124,"comment_status":"closed","ping_status":"closed","sticky":false,"template":"","format":"standard","meta":{"footnotes":""},"categories":[3],"tags":[],"class_list":["post-58123","post","type-post","status-publish","format-standard","has-post-thumbnail","hentry","category-municipio"],"_links":{"self":[{"href":"http:\/\/elurbanoweb.com.ar\/diario\/wp-json\/wp\/v2\/posts\/58123","targetHints":{"allow":["GET"]}}],"collection":[{"href":"http:\/\/elurbanoweb.com.ar\/diario\/wp-json\/wp\/v2\/posts"}],"about":[{"href":"http:\/\/elurbanoweb.com.ar\/diario\/wp-json\/wp\/v2\/types\/post"}],"author":[{"embeddable":true,"href":"http:\/\/elurbanoweb.com.ar\/diario\/wp-json\/wp\/v2\/users\/1"}],"replies":[{"embeddable":true,"href":"http:\/\/elurbanoweb.com.ar\/diario\/wp-json\/wp\/v2\/comments?post=58123"}],"version-history":[{"count":1,"href":"http:\/\/elurbanoweb.com.ar\/diario\/wp-json\/wp\/v2\/posts\/58123\/revisions"}],"predecessor-version":[{"id":58125,"href":"http:\/\/elurbanoweb.com.ar\/diario\/wp-json\/wp\/v2\/posts\/58123\/revisions\/58125"}],"wp:featuredmedia":[{"embeddable":true,"href":"http:\/\/elurbanoweb.com.ar\/diario\/wp-json\/wp\/v2\/media\/58124"}],"wp:attachment":[{"href":"http:\/\/elurbanoweb.com.ar\/diario\/wp-json\/wp\/v2\/media?parent=58123"}],"wp:term":[{"taxonomy":"category","embeddable":true,"href":"http:\/\/elurbanoweb.com.ar\/diario\/wp-json\/wp\/v2\/categories?post=58123"},{"taxonomy":"post_tag","embeddable":true,"href":"http:\/\/elurbanoweb.com.ar\/diario\/wp-json\/wp\/v2\/tags?post=58123"}],"curies":[{"name":"wp","href":"https:\/\/api.w.org\/{rel}","templated":true}]}}