{"id":58129,"date":"2025-07-17T09:29:57","date_gmt":"2025-07-17T12:29:57","guid":{"rendered":"https:\/\/elurbanoweb.com.ar\/diario\/?p=58129"},"modified":"2025-07-17T09:29:57","modified_gmt":"2025-07-17T12:29:57","slug":"el-vicegobernador-participo-en-campo-gallo-de-la-celebracion-en-honor-a-nuestra-senora-del-carmen","status":"publish","type":"post","link":"http:\/\/elurbanoweb.com.ar\/diario\/el-vicegobernador-participo-en-campo-gallo-de-la-celebracion-en-honor-a-nuestra-senora-del-carmen\/","title":{"rendered":"El vicegobernador particip\u00f3 en Campo Gallo de la celebraci\u00f3n en honor a Nuestra Se\u00f1ora del Carmen"},"content":{"rendered":"<p>El Vicegobernador agradeci\u00f3 \u00aba monse\u00f1or Jos\u00e9 Luis Corral, al padre Rafa y a toda la feligres\u00eda de Campo Gallo por invitarnos a participar de esta celebraci\u00f3n en honor a la Virgen del Carmen\u00bb.<\/p>\n<p><img loading=\"lazy\" decoding=\"async\" class=\"alignnone wp-image-58130 size-full\" src=\"http:\/\/elurbanoweb.com.ar\/diario\/wp-content\/uploads\/2025\/07\/gallo.jpg\" alt=\"\" width=\"1010\" height=\"567\" srcset=\"http:\/\/elurbanoweb.com.ar\/diario\/wp-content\/uploads\/2025\/07\/gallo.jpg 1010w, http:\/\/elurbanoweb.com.ar\/diario\/wp-content\/uploads\/2025\/07\/gallo-300x168.jpg 300w, http:\/\/elurbanoweb.com.ar\/diario\/wp-content\/uploads\/2025\/07\/gallo-150x84.jpg 150w\" sizes=\"auto, (max-width: 1010px) 100vw, 1010px\" \/><\/p>\n<p><!--more--><\/p>\n<p>Carlos Silva Neder, acompa\u00f1ado por el intendente local, Amado Chamorro y el secretario Legislativo, Dr. Luis Herrera, asisti\u00f3 esta ma\u00f1ana en la ciudad de Campo Gallo a la misa en honor a Nuestra Se\u00f1ora del Carmen oficiada por el obispo de A\u00f1atuya, monse\u00f1or Jos\u00e9 Luis Corral y concelebrada por el padre Rafael Navarro.<\/p>\n<p>De esta manera, el Vicegobernador acompa\u00f1\u00f3 a la feligreses\u00eda de Campo Gallo, a vecinos de localidades del departamento Alberdi y de la regi\u00f3n que participan en las fiestas patronales que este a\u00f1o se celebran con el lema \u00abCon Nuestra Se\u00f1ora del Carmen, peregrinos de la esperanza\u00bb.<\/p>\n<p>En su homil\u00eda, monse\u00f1or Jos\u00e9 Luis Corral, expres\u00f3: \u00abHoy hay muchas heridas abiertas que hay que curar y ponernos bajo el manto protector de Nuestra Virgen\u00bb.<\/p>\n<p>\u00abQue Mar\u00eda nos proteja, nos sostenga con su amor, que nos ayude a caminar y que nos proteja en los d\u00edas de tormenta.\u00a1Viva la Virgen del Carmen!\u00bb, enfatiz\u00f3.<\/p>\n<p>El Vicegobernador agradeci\u00f3 \u00aba monse\u00f1or Jos\u00e9 Luis Corral, al padre Rafa y a toda la feligres\u00eda de Campo Gallo por invitarnos a participar de esta celebraci\u00f3n en honor a la Virgen del Carmen\u00bb.<\/p>\n<p>Agreg\u00f3: \u00abNuestra presencia aqu\u00ed es para ratificar el compromiso permanente que tiene el Gobernador de la provincia, Dr. Gerardo Zamora, con estas expresiones genuinas de la fe\u00bb.<\/p>\n<p>La fiesta central comenz\u00f3 temprano por la ma\u00f1ana con salva de bombas, rezo del Rosario de la Aurora y la llegada de los peregrinos de las comunidades del interior. Hubo bautismos en el templo y la Banda de M\u00fasica de la Polic\u00eda de la Provincia rindi\u00f3 honores a la Virgen del Carmen.<\/p>\n<p>Luego se ofreci\u00f3 un almuerzo comunitario del que participaron los vecinos de Campo Gallo.<\/p>\n","protected":false},"excerpt":{"rendered":"<p>El Vicegobernador agradeci\u00f3 \u00aba monse\u00f1or Jos\u00e9 Luis Corral, al padre Rafa y a toda la feligres\u00eda de Campo Gallo por invitarnos a participar de esta celebraci\u00f3n en honor a la&hellip; <\/p>\n","protected":false},"author":1,"featured_media":58130,"comment_status":"closed","ping_status":"closed","sticky":false,"template":"","format":"standard","meta":{"footnotes":""},"categories":[10],"tags":[],"class_list":["post-58129","post","type-post","status-publish","format-standard","has-post-thumbnail","hentry","category-interior"],"_links":{"self":[{"href":"http:\/\/elurbanoweb.com.ar\/diario\/wp-json\/wp\/v2\/posts\/58129","targetHints":{"allow":["GET"]}}],"collection":[{"href":"http:\/\/elurbanoweb.com.ar\/diario\/wp-json\/wp\/v2\/posts"}],"about":[{"href":"http:\/\/elurbanoweb.com.ar\/diario\/wp-json\/wp\/v2\/types\/post"}],"author":[{"embeddable":true,"href":"http:\/\/elurbanoweb.com.ar\/diario\/wp-json\/wp\/v2\/users\/1"}],"replies":[{"embeddable":true,"href":"http:\/\/elurbanoweb.com.ar\/diario\/wp-json\/wp\/v2\/comments?post=58129"}],"version-history":[{"count":1,"href":"http:\/\/elurbanoweb.com.ar\/diario\/wp-json\/wp\/v2\/posts\/58129\/revisions"}],"predecessor-version":[{"id":58131,"href":"http:\/\/elurbanoweb.com.ar\/diario\/wp-json\/wp\/v2\/posts\/58129\/revisions\/58131"}],"wp:featuredmedia":[{"embeddable":true,"href":"http:\/\/elurbanoweb.com.ar\/diario\/wp-json\/wp\/v2\/media\/58130"}],"wp:attachment":[{"href":"http:\/\/elurbanoweb.com.ar\/diario\/wp-json\/wp\/v2\/media?parent=58129"}],"wp:term":[{"taxonomy":"category","embeddable":true,"href":"http:\/\/elurbanoweb.com.ar\/diario\/wp-json\/wp\/v2\/categories?post=58129"},{"taxonomy":"post_tag","embeddable":true,"href":"http:\/\/elurbanoweb.com.ar\/diario\/wp-json\/wp\/v2\/tags?post=58129"}],"curies":[{"name":"wp","href":"https:\/\/api.w.org\/{rel}","templated":true}]}}