{"id":58132,"date":"2025-07-17T09:31:43","date_gmt":"2025-07-17T12:31:43","guid":{"rendered":"https:\/\/elurbanoweb.com.ar\/diario\/?p=58132"},"modified":"2025-07-17T09:31:43","modified_gmt":"2025-07-17T12:31:43","slug":"el-alfajor-santiagueno-gigante-busca-romper-un-nuevo-record-en-el-aniversario-de-la-ciudad","status":"publish","type":"post","link":"http:\/\/elurbanoweb.com.ar\/diario\/el-alfajor-santiagueno-gigante-busca-romper-un-nuevo-record-en-el-aniversario-de-la-ciudad\/","title":{"rendered":"El alfajor santiague\u00f1o gigante busca romper un nuevo r\u00e9cord en el aniversario de la ciudad"},"content":{"rendered":"<p>Un equipo de pasteleros trabaja en la elaboraci\u00f3n del tradicional alfajor que este a\u00f1o superar\u00e1 los 2.000 kilos y ser\u00e1 protagonista del desfile del 25 de Julio por los 472 a\u00f1os de Santiago del Estero.<\/p>\n<p><img loading=\"lazy\" decoding=\"async\" class=\"alignnone wp-image-58133 size-full\" src=\"http:\/\/elurbanoweb.com.ar\/diario\/wp-content\/uploads\/2025\/07\/alfajor.jpg\" alt=\"\" width=\"1010\" height=\"567\" srcset=\"http:\/\/elurbanoweb.com.ar\/diario\/wp-content\/uploads\/2025\/07\/alfajor.jpg 1010w, http:\/\/elurbanoweb.com.ar\/diario\/wp-content\/uploads\/2025\/07\/alfajor-300x168.jpg 300w, http:\/\/elurbanoweb.com.ar\/diario\/wp-content\/uploads\/2025\/07\/alfajor-150x84.jpg 150w\" sizes=\"auto, (max-width: 1010px) 100vw, 1010px\" \/><\/p>\n<p><!--more--><\/p>\n<p>El alfajor santiague\u00f1o gigante ya se encuentra en plena etapa de elaboraci\u00f3n en la Escuela de Pasteleros, donde 15 personas trabajan por turnos bajo la coordinaci\u00f3n de Shirla Abud y Fernando Mujica.<\/p>\n<p>Este a\u00f1o, el objetivo es superar los 2.000 kilos de peso, batiendo el r\u00e9cord del a\u00f1o pasado. Para lograrlo, se preparan 1.200 tapas de 60 por 40 cent\u00edmetros, que luego se ensamblar\u00e1n con una enorme cantidad de dulce de leche: nada menos que 1.150 kilos.<\/p>\n<p>Los ingredientes principales son: harina, materia grasa, an\u00eds, dulce de leche y merengue. Cada a\u00f1o, el alfajor no solo mantiene su sabor tradicional, sino que aumenta su tama\u00f1o en respuesta al crecimiento del p\u00fablico que participa del desfile del 25 de Julio, en el marco del 472\u00b0 aniversario de la Madre de Ciudades.<\/p>\n<p>El alfajor gigante ya se convirti\u00f3 en una de las postales m\u00e1s dulces y esperadas de los festejos por el cumplea\u00f1os de Santiago del Estero.<\/p>\n","protected":false},"excerpt":{"rendered":"<p>Un equipo de pasteleros trabaja en la elaboraci\u00f3n del tradicional alfajor que este a\u00f1o superar\u00e1 los 2.000 kilos y ser\u00e1 protagonista del desfile del 25 de Julio por los 472&hellip; <\/p>\n","protected":false},"author":1,"featured_media":58133,"comment_status":"closed","ping_status":"closed","sticky":false,"template":"","format":"standard","meta":{"footnotes":""},"categories":[16],"tags":[],"class_list":["post-58132","post","type-post","status-publish","format-standard","has-post-thumbnail","hentry","category-locales"],"_links":{"self":[{"href":"http:\/\/elurbanoweb.com.ar\/diario\/wp-json\/wp\/v2\/posts\/58132","targetHints":{"allow":["GET"]}}],"collection":[{"href":"http:\/\/elurbanoweb.com.ar\/diario\/wp-json\/wp\/v2\/posts"}],"about":[{"href":"http:\/\/elurbanoweb.com.ar\/diario\/wp-json\/wp\/v2\/types\/post"}],"author":[{"embeddable":true,"href":"http:\/\/elurbanoweb.com.ar\/diario\/wp-json\/wp\/v2\/users\/1"}],"replies":[{"embeddable":true,"href":"http:\/\/elurbanoweb.com.ar\/diario\/wp-json\/wp\/v2\/comments?post=58132"}],"version-history":[{"count":1,"href":"http:\/\/elurbanoweb.com.ar\/diario\/wp-json\/wp\/v2\/posts\/58132\/revisions"}],"predecessor-version":[{"id":58134,"href":"http:\/\/elurbanoweb.com.ar\/diario\/wp-json\/wp\/v2\/posts\/58132\/revisions\/58134"}],"wp:featuredmedia":[{"embeddable":true,"href":"http:\/\/elurbanoweb.com.ar\/diario\/wp-json\/wp\/v2\/media\/58133"}],"wp:attachment":[{"href":"http:\/\/elurbanoweb.com.ar\/diario\/wp-json\/wp\/v2\/media?parent=58132"}],"wp:term":[{"taxonomy":"category","embeddable":true,"href":"http:\/\/elurbanoweb.com.ar\/diario\/wp-json\/wp\/v2\/categories?post=58132"},{"taxonomy":"post_tag","embeddable":true,"href":"http:\/\/elurbanoweb.com.ar\/diario\/wp-json\/wp\/v2\/tags?post=58132"}],"curies":[{"name":"wp","href":"https:\/\/api.w.org\/{rel}","templated":true}]}}