{"id":58135,"date":"2025-07-17T16:05:09","date_gmt":"2025-07-17T19:05:09","guid":{"rendered":"https:\/\/elurbanoweb.com.ar\/diario\/?p=58135"},"modified":"2025-07-17T16:05:09","modified_gmt":"2025-07-17T19:05:09","slug":"la-municipalidad-de-la-banda-realizo-un-operativo-de-vacunacion-en-la-feria-municipal-de-ropa-del-barrio-25-de-mayo","status":"publish","type":"post","link":"http:\/\/elurbanoweb.com.ar\/diario\/la-municipalidad-de-la-banda-realizo-un-operativo-de-vacunacion-en-la-feria-municipal-de-ropa-del-barrio-25-de-mayo\/","title":{"rendered":"La Municipalidad de La Banda realiz\u00f3 un operativo de vacunaci\u00f3n en la Feria Municipal de Ropa del barrio 25 de Mayo"},"content":{"rendered":"<p>La Municipalidad de La Banda, a trav\u00e9s de la Secretar\u00eda de Salud, realiz\u00f3 un operativo de vacunaci\u00f3n en la Feria Municipal de Ropa del barrio 25 de Mayo.<\/p>\n<p><img loading=\"lazy\" decoding=\"async\" class=\"alignnone wp-image-58136 size-large\" src=\"http:\/\/elurbanoweb.com.ar\/diario\/wp-content\/uploads\/2025\/07\/vacunacion-1024x918.jpg\" alt=\"\" width=\"1024\" height=\"918\" srcset=\"http:\/\/elurbanoweb.com.ar\/diario\/wp-content\/uploads\/2025\/07\/vacunacion-1024x918.jpg 1024w, http:\/\/elurbanoweb.com.ar\/diario\/wp-content\/uploads\/2025\/07\/vacunacion-300x269.jpg 300w, http:\/\/elurbanoweb.com.ar\/diario\/wp-content\/uploads\/2025\/07\/vacunacion-150x134.jpg 150w, http:\/\/elurbanoweb.com.ar\/diario\/wp-content\/uploads\/2025\/07\/vacunacion.jpg 1186w\" sizes=\"auto, (max-width: 1024px) 100vw, 1024px\" \/><\/p>\n<p><!--more--> El personal del CAMM N\u00b04 aplic\u00f3 vacunas como antigripal, neumococo, hepatitis B y antitet\u00e1nica, reforzando la protecci\u00f3n de personas adultas y con factores de riesgo<\/p>\n<p>\u201cLa vacunaci\u00f3n es un derecho y una herramienta clave para cuidar la salud de todos\u201d, destac\u00f3 el secretario de Salud, C\u00e9sar Scabuzzo.<\/p>\n<p>Estas acciones, impulsadas por el intendente Ing. Roger El\u00edas Nediani, promueven una salud m\u00e1s humana, accesible y preventiva.<\/p>\n","protected":false},"excerpt":{"rendered":"<p>La Municipalidad de La Banda, a trav\u00e9s de la Secretar\u00eda de Salud, realiz\u00f3 un operativo de vacunaci\u00f3n en la Feria Municipal de Ropa del barrio 25 de Mayo.<\/p>\n","protected":false},"author":1,"featured_media":58136,"comment_status":"closed","ping_status":"closed","sticky":false,"template":"","format":"standard","meta":{"footnotes":""},"categories":[9],"tags":[],"class_list":["post-58135","post","type-post","status-publish","format-standard","has-post-thumbnail","hentry","category-la-banda"],"_links":{"self":[{"href":"http:\/\/elurbanoweb.com.ar\/diario\/wp-json\/wp\/v2\/posts\/58135","targetHints":{"allow":["GET"]}}],"collection":[{"href":"http:\/\/elurbanoweb.com.ar\/diario\/wp-json\/wp\/v2\/posts"}],"about":[{"href":"http:\/\/elurbanoweb.com.ar\/diario\/wp-json\/wp\/v2\/types\/post"}],"author":[{"embeddable":true,"href":"http:\/\/elurbanoweb.com.ar\/diario\/wp-json\/wp\/v2\/users\/1"}],"replies":[{"embeddable":true,"href":"http:\/\/elurbanoweb.com.ar\/diario\/wp-json\/wp\/v2\/comments?post=58135"}],"version-history":[{"count":1,"href":"http:\/\/elurbanoweb.com.ar\/diario\/wp-json\/wp\/v2\/posts\/58135\/revisions"}],"predecessor-version":[{"id":58137,"href":"http:\/\/elurbanoweb.com.ar\/diario\/wp-json\/wp\/v2\/posts\/58135\/revisions\/58137"}],"wp:featuredmedia":[{"embeddable":true,"href":"http:\/\/elurbanoweb.com.ar\/diario\/wp-json\/wp\/v2\/media\/58136"}],"wp:attachment":[{"href":"http:\/\/elurbanoweb.com.ar\/diario\/wp-json\/wp\/v2\/media?parent=58135"}],"wp:term":[{"taxonomy":"category","embeddable":true,"href":"http:\/\/elurbanoweb.com.ar\/diario\/wp-json\/wp\/v2\/categories?post=58135"},{"taxonomy":"post_tag","embeddable":true,"href":"http:\/\/elurbanoweb.com.ar\/diario\/wp-json\/wp\/v2\/tags?post=58135"}],"curies":[{"name":"wp","href":"https:\/\/api.w.org\/{rel}","templated":true}]}}