{"id":58138,"date":"2025-07-17T16:07:23","date_gmt":"2025-07-17T19:07:23","guid":{"rendered":"https:\/\/elurbanoweb.com.ar\/diario\/?p=58138"},"modified":"2025-07-17T16:07:23","modified_gmt":"2025-07-17T19:07:23","slug":"educacion-en-marcha-anuncian-durante-una-visita-protocolar-un-nuevo-edificio-educativo","status":"publish","type":"post","link":"http:\/\/elurbanoweb.com.ar\/diario\/educacion-en-marcha-anuncian-durante-una-visita-protocolar-un-nuevo-edificio-educativo\/","title":{"rendered":"Educaci\u00f3n en marcha: anuncian durante una visita protocolar un nuevo edificio educativo"},"content":{"rendered":"<p>La ministra de Educaci\u00f3n, Ciencia y Tecnolog\u00eda, Dra. Mariela Nassif, junto al ministro de Desarrollo Social, Dr. \u00c1ngel Niccolai, se reunieron con autoridades y personal docente de la Escuela de Especialidades N\u00b0 9 \u201cHomero Manzi\u201d, para comunicarles una importante decisi\u00f3n del Gobernador Gerardo Zamora: la construcci\u00f3n de un nuevo edificio educativo modelo que albergar\u00e1 a dicha instituci\u00f3n.<\/p>\n<p><img loading=\"lazy\" decoding=\"async\" class=\"alignnone wp-image-58139 size-large\" src=\"http:\/\/elurbanoweb.com.ar\/diario\/wp-content\/uploads\/2025\/07\/marcha0-1024x682.jpg\" alt=\"\" width=\"1024\" height=\"682\" srcset=\"http:\/\/elurbanoweb.com.ar\/diario\/wp-content\/uploads\/2025\/07\/marcha0-1024x682.jpg 1024w, http:\/\/elurbanoweb.com.ar\/diario\/wp-content\/uploads\/2025\/07\/marcha0-300x200.jpg 300w, http:\/\/elurbanoweb.com.ar\/diario\/wp-content\/uploads\/2025\/07\/marcha0-150x100.jpg 150w, http:\/\/elurbanoweb.com.ar\/diario\/wp-content\/uploads\/2025\/07\/marcha0.jpg 1439w\" sizes=\"auto, (max-width: 1024px) 100vw, 1024px\" \/><\/p>\n<p><!--more--><\/p>\n<p>Este nuevo centro de desarrollo educativo tendr\u00e1 un impacto regional, permitiendo ampliar las ofertas de nivel secundario, superior y de formaci\u00f3n profesional, atendiendo a las demandas locales y potenciando el uso de tecnolog\u00edas en su implementaci\u00f3n.<\/p>\n<p>M\u00e1s tarde, las autoridades participaron del acto por el 50\u00b0 aniversario del Jard\u00edn de Infantes N\u00b0 140, acompa\u00f1adas por autoridades municipales, legisladores provinciales, exdocentes, alumnos y familias de la comunidad educativa.<\/p>\n<p>Adem\u00e1s, en la Escuela T\u00e9cnica N\u00b0 4 se hizo entrega de equipamiento para pr\u00e1cticas de automatizaci\u00f3n: valijas con PLC LOGO, sensores, actuadores, tableros de automatizaci\u00f3n con motores trif\u00e1sicos y herramientas espec\u00edficas para fortalecer la formaci\u00f3n t\u00e9cnica de los estudiantes.<\/p>\n","protected":false},"excerpt":{"rendered":"<p>La ministra de Educaci\u00f3n, Ciencia y Tecnolog\u00eda, Dra. Mariela Nassif, junto al ministro de Desarrollo Social, Dr. \u00c1ngel Niccolai, se reunieron con autoridades y personal docente de la Escuela de&hellip; <\/p>\n","protected":false},"author":1,"featured_media":58139,"comment_status":"closed","ping_status":"closed","sticky":false,"template":"","format":"standard","meta":{"footnotes":""},"categories":[16],"tags":[],"class_list":["post-58138","post","type-post","status-publish","format-standard","has-post-thumbnail","hentry","category-locales"],"_links":{"self":[{"href":"http:\/\/elurbanoweb.com.ar\/diario\/wp-json\/wp\/v2\/posts\/58138","targetHints":{"allow":["GET"]}}],"collection":[{"href":"http:\/\/elurbanoweb.com.ar\/diario\/wp-json\/wp\/v2\/posts"}],"about":[{"href":"http:\/\/elurbanoweb.com.ar\/diario\/wp-json\/wp\/v2\/types\/post"}],"author":[{"embeddable":true,"href":"http:\/\/elurbanoweb.com.ar\/diario\/wp-json\/wp\/v2\/users\/1"}],"replies":[{"embeddable":true,"href":"http:\/\/elurbanoweb.com.ar\/diario\/wp-json\/wp\/v2\/comments?post=58138"}],"version-history":[{"count":1,"href":"http:\/\/elurbanoweb.com.ar\/diario\/wp-json\/wp\/v2\/posts\/58138\/revisions"}],"predecessor-version":[{"id":58140,"href":"http:\/\/elurbanoweb.com.ar\/diario\/wp-json\/wp\/v2\/posts\/58138\/revisions\/58140"}],"wp:featuredmedia":[{"embeddable":true,"href":"http:\/\/elurbanoweb.com.ar\/diario\/wp-json\/wp\/v2\/media\/58139"}],"wp:attachment":[{"href":"http:\/\/elurbanoweb.com.ar\/diario\/wp-json\/wp\/v2\/media?parent=58138"}],"wp:term":[{"taxonomy":"category","embeddable":true,"href":"http:\/\/elurbanoweb.com.ar\/diario\/wp-json\/wp\/v2\/categories?post=58138"},{"taxonomy":"post_tag","embeddable":true,"href":"http:\/\/elurbanoweb.com.ar\/diario\/wp-json\/wp\/v2\/tags?post=58138"}],"curies":[{"name":"wp","href":"https:\/\/api.w.org\/{rel}","templated":true}]}}